{"id":2263,"date":"2026-03-12T10:00:20","date_gmt":"2026-03-12T13:00:20","guid":{"rendered":"https:\/\/gstransfer.com.br\/blog\/?p=2263"},"modified":"2026-02-24T14:54:10","modified_gmt":"2026-02-24T17:54:10","slug":"sao-paulo-expo-abril-2026-eventos","status":"publish","type":"post","link":"https:\/\/gstransfer.com.br\/blog\/expo\/sao-paulo-expo-abril-2026-eventos\/","title":{"rendered":"S\u00e3o Paulo Expo em Abril de 2026: Eventos Imperd\u00edveis"},"content":{"rendered":"<figure id=\"attachment_2264\" aria-describedby=\"caption-attachment-2264\" style=\"width: 300px\" class=\"wp-caption aligncenter\"><img fetchpriority=\"high\" decoding=\"async\" class=\"size-medium wp-image-2264\" src=\"https:\/\/gstransfer.com.br\/blog\/wp-content\/uploads\/2026\/02\/ChatGPT-Image-24-de-fev.-de-2026-14_48_09-300x200.png\" alt=\"S\u00e3o Paulo Expo em abril de 2026\" width=\"300\" height=\"200\" srcset=\"https:\/\/gstransfer.com.br\/blog\/wp-content\/uploads\/2026\/02\/ChatGPT-Image-24-de-fev.-de-2026-14_48_09-300x200.png 300w, https:\/\/gstransfer.com.br\/blog\/wp-content\/uploads\/2026\/02\/ChatGPT-Image-24-de-fev.-de-2026-14_48_09-1024x683.png 1024w, https:\/\/gstransfer.com.br\/blog\/wp-content\/uploads\/2026\/02\/ChatGPT-Image-24-de-fev.-de-2026-14_48_09-768x512.png 768w, https:\/\/gstransfer.com.br\/blog\/wp-content\/uploads\/2026\/02\/ChatGPT-Image-24-de-fev.-de-2026-14_48_09.png 1536w\" sizes=\"(max-width: 300px) 100vw, 300px\" \/><figcaption id=\"caption-attachment-2264\" class=\"wp-caption-text\">S\u00e3o Paulo Expo em abril de 2026<\/figcaption><\/figure>\n<h2 data-start=\"564\" data-end=\"630\">S\u00e3o Paulo Expo em abril de 2026: o m\u00eas que movimentar\u00e1 o Brasil<\/h2>\n<p data-start=\"632\" data-end=\"955\">O <strong data-start=\"634\" data-end=\"669\">S\u00e3o Paulo Expo em abril de 2026<\/strong> ser\u00e1 o centro das decis\u00f5es estrat\u00e9gicas, das grandes conex\u00f5es e das tend\u00eancias que moldar\u00e3o diferentes setores da economia. Durante o m\u00eas, o espa\u00e7o receber\u00e1 eventos de relev\u00e2ncia nacional e internacional, reunindo executivos, investidores, empreendedores, atletas e l\u00edderes de mercado.<\/p>\n<p data-start=\"957\" data-end=\"1240\">Al\u00e9m disso, abril concentra encontros simult\u00e2neos que ampliam o fluxo de visitantes e elevam o padr\u00e3o de exig\u00eancia em organiza\u00e7\u00e3o e planejamento. Portanto, quem pretende participar precisa se preparar com anteced\u00eancia para aproveitar cada oportunidade com tranquilidade e efici\u00eancia.<\/p>\n<hr data-start=\"1242\" data-end=\"1245\" \/>\n<h2 data-start=\"1247\" data-end=\"1296\">FEICON 2026: Constru\u00e7\u00e3o civil em escala global<\/h2>\n<p data-start=\"1298\" data-end=\"1352\">\ud83d\udcc5 <strong data-start=\"1301\" data-end=\"1329\">07 a 10 de abril de 2026<\/strong><br data-start=\"1329\" data-end=\"1332\" \/>\ud83d\udccd Pavilh\u00f5es 1 a 8<\/p>\n<p data-start=\"1354\" data-end=\"1596\">A FEICON \u00e9 considerada o maior evento da constru\u00e7\u00e3o civil da Am\u00e9rica Latina. Durante quatro dias intensos, fabricantes, engenheiros, arquitetos e incorporadoras apresentam solu\u00e7\u00f5es inovadoras, lan\u00e7amentos tecnol\u00f3gicos e tend\u00eancias de mercado.<\/p>\n<p data-start=\"1598\" data-end=\"1856\">Consequentemente, o evento atrai decisores de alto n\u00edvel. Reuni\u00f5es estrat\u00e9gicas acontecem nos corredores, contratos s\u00e3o discutidos nos estandes e parcerias internacionais ganham forma. Portanto, pontualidade e organiza\u00e7\u00e3o tornam-se diferenciais competitivos.<\/p>\n<p data-start=\"1858\" data-end=\"1960\">Para mais informa\u00e7\u00f5es oficiais, consulte a agenda do pavilh\u00e3o em:<br data-start=\"1923\" data-end=\"1926\" \/>\ud83d\udc49 <a class=\"decorated-link\" href=\"https:\/\/www.saopauloexpo.com.br\" target=\"_new\" rel=\"noopener\" data-start=\"1929\" data-end=\"1960\">https:\/\/www.saopauloexpo.com.br<\/a><\/p>\n<hr data-start=\"1962\" data-end=\"1965\" \/>\n<h2 data-start=\"1967\" data-end=\"2019\">VTEX DAY 2026: o futuro do varejo e da tecnologia<\/h2>\n<p data-start=\"2021\" data-end=\"2075\">\ud83d\udcc5 <strong data-start=\"2024\" data-end=\"2052\">16 e 17 de abril de 2026<\/strong><br data-start=\"2052\" data-end=\"2055\" \/>\ud83d\udccd Pavilh\u00f5es 1 a 5<\/p>\n<p data-start=\"2077\" data-end=\"2322\">O VTEX DAY consolida-se como um dos maiores eventos globais de com\u00e9rcio digital e inova\u00e7\u00e3o tecnol\u00f3gica. Executivos C-level, especialistas em e-commerce e l\u00edderes de transforma\u00e7\u00e3o digital participam de palestras, pain\u00e9is e experi\u00eancias imersivas.<\/p>\n<p data-start=\"2324\" data-end=\"2569\">Al\u00e9m disso, o ritmo do evento \u00e9 intenso. A programa\u00e7\u00e3o ocorre simultaneamente em diferentes audit\u00f3rios, o que exige deslocamentos \u00e1geis e planejamento preciso. Assim, cada minuto bem aproveitado pode representar uma nova oportunidade de neg\u00f3cio.<\/p>\n<p data-start=\"2571\" data-end=\"2630\">Saiba mais sobre o evento em:<br data-start=\"2600\" data-end=\"2603\" \/>\ud83d\udc49 <a class=\"decorated-link\" href=\"https:\/\/vtexday.vtex.com\" target=\"_new\" rel=\"noopener\" data-start=\"2606\" data-end=\"2630\">https:\/\/vtexday.vtex.com<\/a><\/p>\n<hr data-start=\"2632\" data-end=\"2635\" \/>\n<h2 data-start=\"2637\" data-end=\"2692\">Workshop Corban 360: estrat\u00e9gia e mercado financeiro<\/h2>\n<p data-start=\"2694\" data-end=\"2748\">\ud83d\udcc5 <strong data-start=\"2697\" data-end=\"2725\">16 e 17 de abril de 2026<\/strong><br data-start=\"2725\" data-end=\"2728\" \/>\ud83d\udccd Pavilh\u00f5es 6 a 7<\/p>\n<p data-start=\"2750\" data-end=\"2975\">Enquanto o VTEX DAY movimenta parte do complexo, o Workshop Corban 360 re\u00fane profissionais do mercado financeiro em busca de atualiza\u00e7\u00e3o estrat\u00e9gica. O foco est\u00e1 em performance comercial, regulamenta\u00e7\u00e3o e inova\u00e7\u00e3o em cr\u00e9dito.<\/p>\n<p data-start=\"2977\" data-end=\"3167\">Como os eventos acontecem simultaneamente, o fluxo de visitantes aumenta consideravelmente. Portanto, antecipar deslocamentos e evitar atrasos torna-se essencial para manter a produtividade.<\/p>\n<hr data-start=\"3169\" data-end=\"3172\" \/>\n<h2 data-start=\"3174\" data-end=\"3222\">Conven\u00e7\u00e3o doTERRA 2026: lideran\u00e7a e bem-estar<\/h2>\n<p data-start=\"3224\" data-end=\"3273\">\ud83d\udcc5 <strong data-start=\"3227\" data-end=\"3255\">24 e 25 de abril de 2026<\/strong><br data-start=\"3255\" data-end=\"3258\" \/>\ud83d\udccd Pavilh\u00e3o 5<\/p>\n<p data-start=\"3275\" data-end=\"3520\">A Conven\u00e7\u00e3o doTERRA transforma o S\u00e3o Paulo Expo em um ambiente de conex\u00e3o, desenvolvimento pessoal e expans\u00e3o de neg\u00f3cios. Participantes de diversas regi\u00f5es do Brasil e do exterior compartilham experi\u00eancias, estrat\u00e9gias e hist\u00f3rias inspiradoras.<\/p>\n<p data-start=\"3522\" data-end=\"3732\">Nesse contexto, conforto e organiza\u00e7\u00e3o s\u00e3o fundamentais. Afinal, a experi\u00eancia come\u00e7a antes mesmo da entrada no pavilh\u00e3o. Uma jornada tranquila contribui diretamente para uma viv\u00eancia mais positiva e produtiva.<\/p>\n<hr data-start=\"3734\" data-end=\"3737\" \/>\n<h2 data-start=\"3739\" data-end=\"3785\">HYROX S\u00e3o Paulo: performance e alta energia<\/h2>\n<p data-start=\"3787\" data-end=\"3836\">\ud83d\udcc5 <strong data-start=\"3790\" data-end=\"3813\">25 de abril de 2026<\/strong><br data-start=\"3813\" data-end=\"3816\" \/>\ud83d\udccd Pavilh\u00f5es 6 a 7<\/p>\n<p data-start=\"3838\" data-end=\"4036\">Encerrando o m\u00eas, o HYROX re\u00fane atletas e entusiastas do fitness em uma competi\u00e7\u00e3o de alto desempenho. Embora seja um evento esportivo, o p\u00fablico inclui executivos, influenciadores e marcas premium.<\/p>\n<p data-start=\"4038\" data-end=\"4224\">Al\u00e9m disso, o evento exige log\u00edstica eficiente, especialmente para participantes que precisam cumprir hor\u00e1rios rigorosos. Assim, planejamento e organiza\u00e7\u00e3o continuam sendo determinantes.<\/p>\n<p data-start=\"4226\" data-end=\"4299\">Conhe\u00e7a mais sobre o formato global da competi\u00e7\u00e3o:<br data-start=\"4276\" data-end=\"4279\" \/>\ud83d\udc49 <a class=\"decorated-link\" href=\"https:\/\/hyrox.com\" target=\"_new\" rel=\"noopener\" data-start=\"4282\" data-end=\"4299\">https:\/\/hyrox.com<\/a><\/p>\n<hr data-start=\"4301\" data-end=\"4304\" \/>\n<h2 data-start=\"4306\" data-end=\"4381\">Por que o S\u00e3o Paulo Expo em abril de 2026 exige planejamento antecipado?<\/h2>\n<p data-start=\"4383\" data-end=\"4588\">Quando grandes eventos ocorrem no mesmo m\u00eas, a cidade opera em ritmo acelerado. Hot\u00e9is registram alta ocupa\u00e7\u00e3o, restaurantes recebem maior demanda e o tr\u00e2nsito se intensifica nas principais vias de acesso.<\/p>\n<p data-start=\"4590\" data-end=\"4797\">Portanto, quem antecipa reservas, deslocamentos e agenda compromissos estrat\u00e9gicos garante mais efici\u00eancia e menos estresse. Al\u00e9m disso, o p\u00fablico de alto padr\u00e3o valoriza fluidez, conforto e previsibilidade.<\/p>\n<p data-start=\"4799\" data-end=\"4921\">No turismo de neg\u00f3cios, tempo \u00e9 ativo estrat\u00e9gico. Cada atraso pode impactar reuni\u00f5es, negocia\u00e7\u00f5es e conex\u00f5es importantes.<\/p>\n<hr data-start=\"4923\" data-end=\"4926\" \/>\n<h2 data-start=\"4928\" data-end=\"4970\">Mobilidade como diferencial competitivo<\/h2>\n<p data-start=\"4972\" data-end=\"5219\">Em grandes centros urbanos, a mobilidade deixou de ser apenas deslocamento. Hoje, ela integra a experi\u00eancia do evento. Profissionais que se organizam conseguem transformar o trajeto em momento de prepara\u00e7\u00e3o, revis\u00e3o de estrat\u00e9gias ou at\u00e9 descanso.<\/p>\n<p data-start=\"5221\" data-end=\"5380\">Por outro lado, quem enfrenta imprevistos perde energia e foco. Portanto, investir em planejamento log\u00edstico \u00e9 investir diretamente em desempenho profissional.<\/p>\n<hr data-start=\"5382\" data-end=\"5385\" \/>\n<h2 data-start=\"5387\" data-end=\"5441\">Conclus\u00e3o: um m\u00eas decisivo para neg\u00f3cios e conex\u00f5es<\/h2>\n<p data-start=\"5443\" data-end=\"5640\">O <strong data-start=\"5445\" data-end=\"5480\">S\u00e3o Paulo Expo em abril de 2026<\/strong> reunir\u00e1 constru\u00e7\u00e3o civil, tecnologia, mercado financeiro, bem-estar e esporte em um \u00fanico m\u00eas. Trata-se de uma converg\u00eancia rara de oportunidades estrat\u00e9gicas.<\/p>\n<p data-start=\"5642\" data-end=\"5836\">Seja qual for o seu setor, participar desses eventos representa acesso direto a tend\u00eancias, inova\u00e7\u00e3o e networking qualificado. No entanto, para aproveitar ao m\u00e1ximo, organiza\u00e7\u00e3o \u00e9 indispens\u00e1vel.<\/p>\n<hr data-start=\"5838\" data-end=\"5841\" \/>\n<h2 data-start=\"5843\" data-end=\"5882\">CTA \u2013 Planeje agora sua participa\u00e7\u00e3o<\/h2>\n<p data-start=\"5884\" data-end=\"6091\">Se voc\u00ea participar\u00e1 de algum evento no <strong data-start=\"5923\" data-end=\"5958\">S\u00e3o Paulo Expo em abril de 2026<\/strong>, comece seu planejamento desde j\u00e1. Antecipe reservas, organize sua agenda e garanta uma experi\u00eancia fluida, confort\u00e1vel e produtiva.<\/p>\n<p data-start=\"6093\" data-end=\"6183\">\ud83d\udc49 <strong data-start=\"6096\" data-end=\"6131\">S\u00e3o Paulo Expo em abril de 2026<\/strong> pode ser o ponto de virada do seu ano profissional.<\/p>\n","protected":false},"excerpt":{"rendered":"<p>S\u00e3o Paulo Expo em abril de 2026: o m\u00eas que movimentar\u00e1 o Brasil O S\u00e3o Paulo Expo em abril de 2026 ser\u00e1 o centro das decis\u00f5es estrat\u00e9gicas, das grandes conex\u00f5es e das tend\u00eancias que moldar\u00e3o diferentes setores da economia. Durante o m\u00eas, o espa\u00e7o receber\u00e1 eventos de relev\u00e2ncia nacional e internacional, reunindo executivos, investidores, empreendedores, [&hellip;]<\/p>\n","protected":false},"author":1,"featured_media":2264,"comment_status":"open","ping_status":"open","sticky":false,"template":"","format":"standard","meta":{"footnotes":""},"categories":[318],"tags":[],"class_list":["post-2263","post","type-post","status-publish","format-standard","has-post-thumbnail","hentry","category-expo"],"yoast_head":"<!-- This site is optimized with the Yoast SEO Premium plugin v28.1 (Yoast SEO v28.4) - https:\/\/yoast.com\/product\/yoast-seo-premium-wordpress\/ -->\n<title>S\u00e3o Paulo Expo em Abril de 2026 | GS Transfer<\/title>\n<meta name=\"description\" content=\"V\u00e1 para feiras e congressos no S\u00e3o Paulo Expo com pontualidade. Transfer executivo da GS Transfer para eventos corporativos.\" \/>\n<meta name=\"robots\" content=\"index, follow, max-snippet:-1, max-image-preview:large, max-video-preview:-1\" \/>\n<link rel=\"canonical\" href=\"https:\/\/gstransfer.com.br\/blog\/expo\/sao-paulo-expo-abril-2026-eventos\/\" \/>\n<meta property=\"og:locale\" content=\"pt_BR\" \/>\n<meta property=\"og:type\" content=\"article\" \/>\n<meta property=\"og:title\" content=\"S\u00e3o Paulo Expo em Abril de 2026: Eventos Imperd\u00edveis\" \/>\n<meta property=\"og:description\" content=\"S\u00e3o Paulo Expo em abril de 2026: o m\u00eas que movimentar\u00e1 o Brasil O S\u00e3o Paulo Expo em abril de 2026 ser\u00e1 o centro das decis\u00f5es estrat\u00e9gicas, das grandes\" \/>\n<meta property=\"og:url\" content=\"https:\/\/gstransfer.com.br\/blog\/expo\/sao-paulo-expo-abril-2026-eventos\/\" \/>\n<meta property=\"og:site_name\" content=\"Blog da GS Transfer\" \/>\n<meta property=\"article:publisher\" content=\"https:\/\/pt-br.facebook.com\/gstransferSP\/\" \/>\n<meta property=\"article:published_time\" content=\"2026-03-12T13:00:20+00:00\" \/>\n<meta property=\"og:image\" content=\"https:\/\/gstransfer.com.br\/blog\/wp-content\/uploads\/2026\/02\/ChatGPT-Image-24-de-fev.-de-2026-14_48_09-1024x683.png\" \/>\n\t<meta property=\"og:image:width\" content=\"1024\" \/>\n\t<meta property=\"og:image:height\" content=\"683\" \/>\n\t<meta property=\"og:image:type\" content=\"image\/png\" \/>\n<meta name=\"author\" content=\"GS Transfer\" \/>\n<meta name=\"twitter:card\" content=\"summary_large_image\" \/>\n<meta name=\"twitter:label1\" content=\"Escrito por\" \/>\n\t<meta name=\"twitter:data1\" content=\"GS Transfer\" \/>\n\t<meta name=\"twitter:label2\" content=\"Est. tempo de leitura\" \/>\n\t<meta name=\"twitter:data2\" content=\"5 minutos\" \/>\n<script type=\"application\/ld+json\" class=\"yoast-schema-graph\">{\"@context\":\"https:\\\/\\\/schema.org\",\"@graph\":[{\"@type\":[\"Article\",\"BlogPosting\"],\"@id\":\"https:\\\/\\\/gstransfer.com.br\\\/blog\\\/expo\\\/sao-paulo-expo-abril-2026-eventos\\\/#article\",\"isPartOf\":{\"@id\":\"https:\\\/\\\/gstransfer.com.br\\\/blog\\\/expo\\\/sao-paulo-expo-abril-2026-eventos\\\/\"},\"author\":{\"name\":\"GS Transfer\",\"@id\":\"https:\\\/\\\/gstransfer.com.br\\\/blog\\\/#\\\/schema\\\/person\\\/cd30e1da5de5f7e9ddc9d80552b26dda\"},\"headline\":\"S\u00e3o Paulo Expo em Abril de 2026: Eventos Imperd\u00edveis\",\"datePublished\":\"2026-03-12T13:00:20+00:00\",\"mainEntityOfPage\":{\"@id\":\"https:\\\/\\\/gstransfer.com.br\\\/blog\\\/expo\\\/sao-paulo-expo-abril-2026-eventos\\\/\"},\"wordCount\":898,\"commentCount\":0,\"publisher\":{\"@id\":\"https:\\\/\\\/gstransfer.com.br\\\/blog\\\/#organization\"},\"image\":{\"@id\":\"https:\\\/\\\/gstransfer.com.br\\\/blog\\\/expo\\\/sao-paulo-expo-abril-2026-eventos\\\/#primaryimage\"},\"thumbnailUrl\":\"https:\\\/\\\/gstransfer.com.br\\\/blog\\\/wp-content\\\/uploads\\\/2026\\\/02\\\/ChatGPT-Image-24-de-fev.-de-2026-14_48_09.png\",\"articleSection\":[\"Expo\"],\"inLanguage\":\"pt-BR\",\"potentialAction\":[{\"@type\":\"CommentAction\",\"name\":\"Comment\",\"target\":[\"https:\\\/\\\/gstransfer.com.br\\\/blog\\\/expo\\\/sao-paulo-expo-abril-2026-eventos\\\/#respond\"]}]},{\"@type\":\"WebPage\",\"@id\":\"https:\\\/\\\/gstransfer.com.br\\\/blog\\\/expo\\\/sao-paulo-expo-abril-2026-eventos\\\/\",\"url\":\"https:\\\/\\\/gstransfer.com.br\\\/blog\\\/expo\\\/sao-paulo-expo-abril-2026-eventos\\\/\",\"name\":\"S\u00e3o Paulo Expo em Abril de 2026 | GS Transfer\",\"isPartOf\":{\"@id\":\"https:\\\/\\\/gstransfer.com.br\\\/blog\\\/#website\"},\"primaryImageOfPage\":{\"@id\":\"https:\\\/\\\/gstransfer.com.br\\\/blog\\\/expo\\\/sao-paulo-expo-abril-2026-eventos\\\/#primaryimage\"},\"image\":{\"@id\":\"https:\\\/\\\/gstransfer.com.br\\\/blog\\\/expo\\\/sao-paulo-expo-abril-2026-eventos\\\/#primaryimage\"},\"thumbnailUrl\":\"https:\\\/\\\/gstransfer.com.br\\\/blog\\\/wp-content\\\/uploads\\\/2026\\\/02\\\/ChatGPT-Image-24-de-fev.-de-2026-14_48_09.png\",\"datePublished\":\"2026-03-12T13:00:20+00:00\",\"description\":\"V\u00e1 para feiras e congressos no S\u00e3o Paulo Expo com pontualidade. Transfer executivo da GS Transfer para eventos corporativos.\",\"breadcrumb\":{\"@id\":\"https:\\\/\\\/gstransfer.com.br\\\/blog\\\/expo\\\/sao-paulo-expo-abril-2026-eventos\\\/#breadcrumb\"},\"inLanguage\":\"pt-BR\",\"potentialAction\":[{\"@type\":\"ReadAction\",\"target\":[\"https:\\\/\\\/gstransfer.com.br\\\/blog\\\/expo\\\/sao-paulo-expo-abril-2026-eventos\\\/\"]}]},{\"@type\":\"ImageObject\",\"inLanguage\":\"pt-BR\",\"@id\":\"https:\\\/\\\/gstransfer.com.br\\\/blog\\\/expo\\\/sao-paulo-expo-abril-2026-eventos\\\/#primaryimage\",\"url\":\"https:\\\/\\\/gstransfer.com.br\\\/blog\\\/wp-content\\\/uploads\\\/2026\\\/02\\\/ChatGPT-Image-24-de-fev.-de-2026-14_48_09.png\",\"contentUrl\":\"https:\\\/\\\/gstransfer.com.br\\\/blog\\\/wp-content\\\/uploads\\\/2026\\\/02\\\/ChatGPT-Image-24-de-fev.-de-2026-14_48_09.png\",\"width\":1536,\"height\":1024,\"caption\":\"S\u00e3o Paulo Expo em abril de 2026\"},{\"@type\":\"BreadcrumbList\",\"@id\":\"https:\\\/\\\/gstransfer.com.br\\\/blog\\\/expo\\\/sao-paulo-expo-abril-2026-eventos\\\/#breadcrumb\",\"itemListElement\":[{\"@type\":\"ListItem\",\"position\":1,\"name\":\"In\u00edcio\",\"item\":\"https:\\\/\\\/gstransfer.com.br\\\/blog\\\/\"},{\"@type\":\"ListItem\",\"position\":2,\"name\":\"Expo\",\"item\":\"https:\\\/\\\/gstransfer.com.br\\\/blog\\\/categorias\\\/expo\\\/\"},{\"@type\":\"ListItem\",\"position\":3,\"name\":\"S\u00e3o Paulo Expo em Abril de 2026: Eventos Imperd\u00edveis\"}]},{\"@type\":\"WebSite\",\"@id\":\"https:\\\/\\\/gstransfer.com.br\\\/blog\\\/#website\",\"url\":\"https:\\\/\\\/gstransfer.com.br\\\/blog\\\/\",\"name\":\"Blog da GS Transfer\",\"description\":\"Dicas de Viagem e Transporte Executivo em SP\",\"publisher\":{\"@id\":\"https:\\\/\\\/gstransfer.com.br\\\/blog\\\/#organization\"},\"alternateName\":\"Blog GS Transfer\",\"potentialAction\":[{\"@type\":\"SearchAction\",\"target\":{\"@type\":\"EntryPoint\",\"urlTemplate\":\"https:\\\/\\\/gstransfer.com.br\\\/blog\\\/?s={search_term_string}\"},\"query-input\":{\"@type\":\"PropertyValueSpecification\",\"valueRequired\":true,\"valueName\":\"search_term_string\"}}],\"inLanguage\":\"pt-BR\"},{\"@type\":\"Organization\",\"@id\":\"https:\\\/\\\/gstransfer.com.br\\\/blog\\\/#organization\",\"name\":\"Blog GS Transfer\",\"alternateName\":\"Blog da GS Transfer\",\"url\":\"https:\\\/\\\/gstransfer.com.br\\\/blog\\\/\",\"logo\":{\"@type\":\"ImageObject\",\"inLanguage\":\"pt-BR\",\"@id\":\"https:\\\/\\\/gstransfer.com.br\\\/blog\\\/#\\\/schema\\\/logo\\\/image\\\/\",\"url\":\"https:\\\/\\\/gstransfer.com.br\\\/blog\\\/wp-content\\\/uploads\\\/2026\\\/07\\\/696x696.png\",\"contentUrl\":\"https:\\\/\\\/gstransfer.com.br\\\/blog\\\/wp-content\\\/uploads\\\/2026\\\/07\\\/696x696.png\",\"width\":696,\"height\":696,\"caption\":\"Blog GS Transfer\"},\"image\":{\"@id\":\"https:\\\/\\\/gstransfer.com.br\\\/blog\\\/#\\\/schema\\\/logo\\\/image\\\/\"},\"sameAs\":[\"https:\\\/\\\/pt-br.facebook.com\\\/gstransferSP\\\/\",\"https:\\\/\\\/www.instagram.com\\\/gstransfersp\",\"https:\\\/\\\/www.tripadvisor.com.br\\\/Attraction_Review-g303631-d17466444-Reviews-GS_Transfer_Transporte_Executivo-Sao_Paulo_State_of_Sao_Paulo.html\",\"https:\\\/\\\/br.linkedin.com\\\/company\\\/gs-transfer-e-turismo\"],\"description\":\"A GS Transfer \u00e9 uma empresa de transporte executivo com 10 anos de atua\u00e7\u00e3o em S\u00e3o Paulo e regi\u00e3o, e mais de 42.000 atendimentos realizados. Oferece traslados para aeroportos (Guarulhos, Congonhas e Viracopos), eventos corporativos, feiras, shows e viagens para o litoral e interior, com frota completa \u2014 pr\u00f3pria e rede de parceiros credenciados \u2014 que atende todas as categorias: sedans, ve\u00edculos de luxo, SUVs, blindados, vans, micro-\u00f4nibus e \u00f4nibus executivos. Conta com motoristas profissionais e bil\u00edngues, atendimento 24 horas e monitoramento em tempo real. \u00c9 recomendada no TripAdvisor e registrada no Cadastur.\",\"email\":\"contato@gstransfer.com.br\",\"telephone\":\"+55 (11) 2737-2681\",\"legalName\":\"GS Transfer\",\"foundingDate\":\"2016-07-01\",\"vatID\":\"24.763.257\\\/0001-63\",\"numberOfEmployees\":{\"@type\":\"QuantitativeValue\",\"minValue\":\"1\",\"maxValue\":\"10\"}},{\"@type\":\"Person\",\"@id\":\"https:\\\/\\\/gstransfer.com.br\\\/blog\\\/#\\\/schema\\\/person\\\/cd30e1da5de5f7e9ddc9d80552b26dda\",\"name\":\"GS Transfer\",\"image\":{\"@type\":\"ImageObject\",\"inLanguage\":\"pt-BR\",\"@id\":\"https:\\\/\\\/secure.gravatar.com\\\/avatar\\\/c5da0af1f163431fd615f7efecc5a090b3c62787f27e904ee19625ee23767c79?s=96&d=mm&r=g\",\"url\":\"https:\\\/\\\/secure.gravatar.com\\\/avatar\\\/c5da0af1f163431fd615f7efecc5a090b3c62787f27e904ee19625ee23767c79?s=96&d=mm&r=g\",\"contentUrl\":\"https:\\\/\\\/secure.gravatar.com\\\/avatar\\\/c5da0af1f163431fd615f7efecc5a090b3c62787f27e904ee19625ee23767c79?s=96&d=mm&r=g\",\"caption\":\"GS Transfer\"}}]}<\/script>\n<!-- \/ Yoast SEO Premium plugin. -->","yoast_head_json":{"title":"S\u00e3o Paulo Expo em Abril de 2026 | GS Transfer","description":"V\u00e1 para feiras e congressos no S\u00e3o Paulo Expo com pontualidade. Transfer executivo da GS Transfer para eventos corporativos.","robots":{"index":"index","follow":"follow","max-snippet":"max-snippet:-1","max-image-preview":"max-image-preview:large","max-video-preview":"max-video-preview:-1"},"canonical":"https:\/\/gstransfer.com.br\/blog\/expo\/sao-paulo-expo-abril-2026-eventos\/","og_locale":"pt_BR","og_type":"article","og_title":"S\u00e3o Paulo Expo em Abril de 2026: Eventos Imperd\u00edveis","og_description":"S\u00e3o Paulo Expo em abril de 2026: o m\u00eas que movimentar\u00e1 o Brasil O S\u00e3o Paulo Expo em abril de 2026 ser\u00e1 o centro das decis\u00f5es estrat\u00e9gicas, das grandes","og_url":"https:\/\/gstransfer.com.br\/blog\/expo\/sao-paulo-expo-abril-2026-eventos\/","og_site_name":"Blog da GS Transfer","article_publisher":"https:\/\/pt-br.facebook.com\/gstransferSP\/","article_published_time":"2026-03-12T13:00:20+00:00","og_image":[{"width":1024,"height":683,"url":"https:\/\/gstransfer.com.br\/blog\/wp-content\/uploads\/2026\/02\/ChatGPT-Image-24-de-fev.-de-2026-14_48_09-1024x683.png","type":"image\/png"}],"author":"GS Transfer","twitter_card":"summary_large_image","twitter_misc":{"Escrito por":"GS Transfer","Est. tempo de leitura":"5 minutos"},"schema":{"@context":"https:\/\/schema.org","@graph":[{"@type":["Article","BlogPosting"],"@id":"https:\/\/gstransfer.com.br\/blog\/expo\/sao-paulo-expo-abril-2026-eventos\/#article","isPartOf":{"@id":"https:\/\/gstransfer.com.br\/blog\/expo\/sao-paulo-expo-abril-2026-eventos\/"},"author":{"name":"GS Transfer","@id":"https:\/\/gstransfer.com.br\/blog\/#\/schema\/person\/cd30e1da5de5f7e9ddc9d80552b26dda"},"headline":"S\u00e3o Paulo Expo em Abril de 2026: Eventos Imperd\u00edveis","datePublished":"2026-03-12T13:00:20+00:00","mainEntityOfPage":{"@id":"https:\/\/gstransfer.com.br\/blog\/expo\/sao-paulo-expo-abril-2026-eventos\/"},"wordCount":898,"commentCount":0,"publisher":{"@id":"https:\/\/gstransfer.com.br\/blog\/#organization"},"image":{"@id":"https:\/\/gstransfer.com.br\/blog\/expo\/sao-paulo-expo-abril-2026-eventos\/#primaryimage"},"thumbnailUrl":"https:\/\/gstransfer.com.br\/blog\/wp-content\/uploads\/2026\/02\/ChatGPT-Image-24-de-fev.-de-2026-14_48_09.png","articleSection":["Expo"],"inLanguage":"pt-BR","potentialAction":[{"@type":"CommentAction","name":"Comment","target":["https:\/\/gstransfer.com.br\/blog\/expo\/sao-paulo-expo-abril-2026-eventos\/#respond"]}]},{"@type":"WebPage","@id":"https:\/\/gstransfer.com.br\/blog\/expo\/sao-paulo-expo-abril-2026-eventos\/","url":"https:\/\/gstransfer.com.br\/blog\/expo\/sao-paulo-expo-abril-2026-eventos\/","name":"S\u00e3o Paulo Expo em Abril de 2026 | GS Transfer","isPartOf":{"@id":"https:\/\/gstransfer.com.br\/blog\/#website"},"primaryImageOfPage":{"@id":"https:\/\/gstransfer.com.br\/blog\/expo\/sao-paulo-expo-abril-2026-eventos\/#primaryimage"},"image":{"@id":"https:\/\/gstransfer.com.br\/blog\/expo\/sao-paulo-expo-abril-2026-eventos\/#primaryimage"},"thumbnailUrl":"https:\/\/gstransfer.com.br\/blog\/wp-content\/uploads\/2026\/02\/ChatGPT-Image-24-de-fev.-de-2026-14_48_09.png","datePublished":"2026-03-12T13:00:20+00:00","description":"V\u00e1 para feiras e congressos no S\u00e3o Paulo Expo com pontualidade. Transfer executivo da GS Transfer para eventos corporativos.","breadcrumb":{"@id":"https:\/\/gstransfer.com.br\/blog\/expo\/sao-paulo-expo-abril-2026-eventos\/#breadcrumb"},"inLanguage":"pt-BR","potentialAction":[{"@type":"ReadAction","target":["https:\/\/gstransfer.com.br\/blog\/expo\/sao-paulo-expo-abril-2026-eventos\/"]}]},{"@type":"ImageObject","inLanguage":"pt-BR","@id":"https:\/\/gstransfer.com.br\/blog\/expo\/sao-paulo-expo-abril-2026-eventos\/#primaryimage","url":"https:\/\/gstransfer.com.br\/blog\/wp-content\/uploads\/2026\/02\/ChatGPT-Image-24-de-fev.-de-2026-14_48_09.png","contentUrl":"https:\/\/gstransfer.com.br\/blog\/wp-content\/uploads\/2026\/02\/ChatGPT-Image-24-de-fev.-de-2026-14_48_09.png","width":1536,"height":1024,"caption":"S\u00e3o Paulo Expo em abril de 2026"},{"@type":"BreadcrumbList","@id":"https:\/\/gstransfer.com.br\/blog\/expo\/sao-paulo-expo-abril-2026-eventos\/#breadcrumb","itemListElement":[{"@type":"ListItem","position":1,"name":"In\u00edcio","item":"https:\/\/gstransfer.com.br\/blog\/"},{"@type":"ListItem","position":2,"name":"Expo","item":"https:\/\/gstransfer.com.br\/blog\/categorias\/expo\/"},{"@type":"ListItem","position":3,"name":"S\u00e3o Paulo Expo em Abril de 2026: Eventos Imperd\u00edveis"}]},{"@type":"WebSite","@id":"https:\/\/gstransfer.com.br\/blog\/#website","url":"https:\/\/gstransfer.com.br\/blog\/","name":"Blog da GS Transfer","description":"Dicas de Viagem e Transporte Executivo em SP","publisher":{"@id":"https:\/\/gstransfer.com.br\/blog\/#organization"},"alternateName":"Blog GS Transfer","potentialAction":[{"@type":"SearchAction","target":{"@type":"EntryPoint","urlTemplate":"https:\/\/gstransfer.com.br\/blog\/?s={search_term_string}"},"query-input":{"@type":"PropertyValueSpecification","valueRequired":true,"valueName":"search_term_string"}}],"inLanguage":"pt-BR"},{"@type":"Organization","@id":"https:\/\/gstransfer.com.br\/blog\/#organization","name":"Blog GS Transfer","alternateName":"Blog da GS Transfer","url":"https:\/\/gstransfer.com.br\/blog\/","logo":{"@type":"ImageObject","inLanguage":"pt-BR","@id":"https:\/\/gstransfer.com.br\/blog\/#\/schema\/logo\/image\/","url":"https:\/\/gstransfer.com.br\/blog\/wp-content\/uploads\/2026\/07\/696x696.png","contentUrl":"https:\/\/gstransfer.com.br\/blog\/wp-content\/uploads\/2026\/07\/696x696.png","width":696,"height":696,"caption":"Blog GS Transfer"},"image":{"@id":"https:\/\/gstransfer.com.br\/blog\/#\/schema\/logo\/image\/"},"sameAs":["https:\/\/pt-br.facebook.com\/gstransferSP\/","https:\/\/www.instagram.com\/gstransfersp","https:\/\/www.tripadvisor.com.br\/Attraction_Review-g303631-d17466444-Reviews-GS_Transfer_Transporte_Executivo-Sao_Paulo_State_of_Sao_Paulo.html","https:\/\/br.linkedin.com\/company\/gs-transfer-e-turismo"],"description":"A GS Transfer \u00e9 uma empresa de transporte executivo com 10 anos de atua\u00e7\u00e3o em S\u00e3o Paulo e regi\u00e3o, e mais de 42.000 atendimentos realizados. Oferece traslados para aeroportos (Guarulhos, Congonhas e Viracopos), eventos corporativos, feiras, shows e viagens para o litoral e interior, com frota completa \u2014 pr\u00f3pria e rede de parceiros credenciados \u2014 que atende todas as categorias: sedans, ve\u00edculos de luxo, SUVs, blindados, vans, micro-\u00f4nibus e \u00f4nibus executivos. Conta com motoristas profissionais e bil\u00edngues, atendimento 24 horas e monitoramento em tempo real. \u00c9 recomendada no TripAdvisor e registrada no Cadastur.","email":"contato@gstransfer.com.br","telephone":"+55 (11) 2737-2681","legalName":"GS Transfer","foundingDate":"2016-07-01","vatID":"24.763.257\/0001-63","numberOfEmployees":{"@type":"QuantitativeValue","minValue":"1","maxValue":"10"}},{"@type":"Person","@id":"https:\/\/gstransfer.com.br\/blog\/#\/schema\/person\/cd30e1da5de5f7e9ddc9d80552b26dda","name":"GS Transfer","image":{"@type":"ImageObject","inLanguage":"pt-BR","@id":"https:\/\/secure.gravatar.com\/avatar\/c5da0af1f163431fd615f7efecc5a090b3c62787f27e904ee19625ee23767c79?s=96&d=mm&r=g","url":"https:\/\/secure.gravatar.com\/avatar\/c5da0af1f163431fd615f7efecc5a090b3c62787f27e904ee19625ee23767c79?s=96&d=mm&r=g","contentUrl":"https:\/\/secure.gravatar.com\/avatar\/c5da0af1f163431fd615f7efecc5a090b3c62787f27e904ee19625ee23767c79?s=96&d=mm&r=g","caption":"GS Transfer"}}]}},"_links":{"self":[{"href":"https:\/\/gstransfer.com.br\/blog\/wp-json\/wp\/v2\/posts\/2263","targetHints":{"allow":["GET"]}}],"collection":[{"href":"https:\/\/gstransfer.com.br\/blog\/wp-json\/wp\/v2\/posts"}],"about":[{"href":"https:\/\/gstransfer.com.br\/blog\/wp-json\/wp\/v2\/types\/post"}],"author":[{"embeddable":true,"href":"https:\/\/gstransfer.com.br\/blog\/wp-json\/wp\/v2\/users\/1"}],"replies":[{"embeddable":true,"href":"https:\/\/gstransfer.com.br\/blog\/wp-json\/wp\/v2\/comments?post=2263"}],"version-history":[{"count":1,"href":"https:\/\/gstransfer.com.br\/blog\/wp-json\/wp\/v2\/posts\/2263\/revisions"}],"predecessor-version":[{"id":2265,"href":"https:\/\/gstransfer.com.br\/blog\/wp-json\/wp\/v2\/posts\/2263\/revisions\/2265"}],"wp:featuredmedia":[{"embeddable":true,"href":"https:\/\/gstransfer.com.br\/blog\/wp-json\/wp\/v2\/media\/2264"}],"wp:attachment":[{"href":"https:\/\/gstransfer.com.br\/blog\/wp-json\/wp\/v2\/media?parent=2263"}],"wp:term":[{"taxonomy":"category","embeddable":true,"href":"https:\/\/gstransfer.com.br\/blog\/wp-json\/wp\/v2\/categories?post=2263"},{"taxonomy":"post_tag","embeddable":true,"href":"https:\/\/gstransfer.com.br\/blog\/wp-json\/wp\/v2\/tags?post=2263"}],"curies":[{"name":"wp","href":"https:\/\/api.w.org\/{rel}","templated":true}]}}