{"id":2375,"date":"2026-06-06T10:00:09","date_gmt":"2026-06-06T13:00:09","guid":{"rendered":"https:\/\/gstransfer.com.br\/blog\/?p=2375"},"modified":"2026-07-22T12:59:08","modified_gmt":"2026-07-22T15:59:08","slug":"transporte-executivo-expo-center-norte","status":"publish","type":"post","link":"https:\/\/gstransfer.com.br\/blog\/expo\/transporte-executivo-expo-center-norte\/","title":{"rendered":"Transporte Executivo Expo Center Norte em S\u00e3o Paulo"},"content":{"rendered":"<p data-start=\"134\" data-end=\"643\">O servi\u00e7o de <strong data-start=\"1023\" data-end=\"1065\">Transporte Executivo Expo Center Norte<\/strong> tornou-se indispens\u00e1vel para empresas, executivos e visitantes VIP que participam das maiores feiras e eventos corporativos de S\u00e3o Paulo. Durante eventos como FIPAN 2026, Expo Empreendedor 2026 e Divers\u00e3o Offline 2026, a mobilidade na cidade se transforma em um desafio estrat\u00e9gico, especialmente para quem precisa de pontualidade, conforto, seguran\u00e7a e atendimento profissional.<\/p>\n<p data-start=\"645\" data-end=\"1030\">Executivos internacionais, empres\u00e1rios, investidores e visitantes VIP j\u00e1 perceberam que depender de aplicativos comuns ou solu\u00e7\u00f5es improvisadas pode comprometer reuni\u00f5es, networking e at\u00e9 negocia\u00e7\u00f5es importantes. Por isso, empresas exigentes t\u00eam priorizado opera\u00e7\u00f5es de transporte executivo profissional em S\u00e3o Paulo, especialmente durante eventos de grande porte no Expo Center Norte.<\/p>\n<h2 data-section-id=\"145wzx0\" data-start=\"1032\" data-end=\"1110\">Por Que Grandes Eventos no Expo Center Norte Exigem Planejamento Log\u00edstico?<\/h2>\n<p data-start=\"1112\" data-end=\"1385\">O Expo Center Norte est\u00e1 localizado em uma das regi\u00f5es mais movimentadas da capital paulista. Durante grandes feiras, o fluxo de ve\u00edculos aumenta drasticamente nas principais vias de acesso, incluindo Marginal Tiet\u00ea, Avenida Cruzeiro do Sul e regi\u00e3o da Ponte da Casa Verde.<\/p>\n<p data-start=\"1387\" data-end=\"1578\">Al\u00e9m disso, muitos visitantes chegam simultaneamente pelos aeroportos de Guarulhos e Congonhas, criando gargalos log\u00edsticos que impactam diretamente quem depende de transporte de \u00faltima hora.<\/p>\n<p data-start=\"1580\" data-end=\"1979\">Eventos como a FIPAN 2026 movimentam milhares de profissionais da ind\u00fastria aliment\u00edcia, executivos do setor de food service, fornecedores internacionais e compradores estrat\u00e9gicos. J\u00e1 a Expo Empreendedor re\u00fane empres\u00e1rios, investidores e startups em uma atmosfera altamente din\u00e2mica. Enquanto isso, a Divers\u00e3o Offline atrai criadores de conte\u00fado, marcas, publishers e p\u00fablico geek em grande volume.<\/p>\n<p data-start=\"1981\" data-end=\"2112\">Em comum, todos esses eventos possuem um fator decisivo: mobilidade eficiente influencia diretamente a experi\u00eancia do participante.<\/p>\n<h2 data-section-id=\"8tue7f\" data-start=\"2114\" data-end=\"2184\">O Que Empresas Inteligentes Fazem Diferente Durante Grandes Feiras?<\/h2>\n<p data-start=\"2186\" data-end=\"2323\">Empresas mais estruturadas entendem que log\u00edstica n\u00e3o \u00e9 apenas deslocamento. Trata-se de produtividade, reputa\u00e7\u00e3o e controle operacional.<\/p>\n<p data-start=\"2325\" data-end=\"2362\">Por isso, muitas organiza\u00e7\u00f5es evitam:<\/p>\n<ul data-start=\"2364\" data-end=\"2620\">\n<li data-section-id=\"tp5gjo\" data-start=\"2364\" data-end=\"2425\">depender exclusivamente de Uber Black em hor\u00e1rios cr\u00edticos;<\/li>\n<li data-section-id=\"1dzzwmm\" data-start=\"2426\" data-end=\"2466\">esperar longos per\u00edodos em aeroportos;<\/li>\n<li data-section-id=\"2wad23\" data-start=\"2467\" data-end=\"2505\">lidar com cancelamentos de corridas;<\/li>\n<li data-section-id=\"16l1dsm\" data-start=\"2506\" data-end=\"2565\">correr riscos com motoristas sem experi\u00eancia corporativa;<\/li>\n<li data-section-id=\"3j0fmp\" data-start=\"2566\" data-end=\"2620\">perder reuni\u00f5es importantes por falhas operacionais.<\/li>\n<\/ul>\n<p data-start=\"2622\" data-end=\"2794\">Em vez disso, optam por opera\u00e7\u00f5es previamente organizadas, com monitoramento de voos, coordena\u00e7\u00e3o log\u00edstica e motoristas profissionais preparados para eventos corporativos.<\/p>\n<p data-start=\"2796\" data-end=\"2911\">Esse cuidado se torna ainda mais relevante quando h\u00e1 visitantes internacionais ou clientes estrat\u00e9gicos envolvidos.<\/p>\n<h2 data-section-id=\"14a7vi7\" data-start=\"2913\" data-end=\"2973\">FIPAN 2026: O Evento Que Paralisa o Setor de Food Service<\/h2>\n<p data-start=\"2975\" data-end=\"3238\">A FIPAN \u00e9 reconhecida como um dos maiores eventos de panifica\u00e7\u00e3o, confeitaria e gastronomia da Am\u00e9rica Latina. Durante os dias 21 a 24 de julho de 2026, S\u00e3o Paulo dever\u00e1 receber milhares de profissionais do setor aliment\u00edcio vindos de diferentes estados e pa\u00edses.<\/p>\n<p data-start=\"3240\" data-end=\"3353\">Nesse cen\u00e1rio, um dos maiores problemas enfrentados por empresas expositoras \u00e9 justamente a mobilidade da equipe.<\/p>\n<p data-start=\"3355\" data-end=\"3478\">Muitas organiza\u00e7\u00f5es cometem o erro de contratar transporte apenas ap\u00f3s a chegada em S\u00e3o Paulo. O resultado costuma incluir:<\/p>\n<ul data-start=\"3480\" data-end=\"3703\">\n<li data-section-id=\"1xbaij\" data-start=\"3480\" data-end=\"3541\">dificuldade para encontrar ve\u00edculos executivos dispon\u00edveis;<\/li>\n<li data-section-id=\"18jl89q\" data-start=\"3542\" data-end=\"3574\">aumento expressivo nos pre\u00e7os;<\/li>\n<li data-section-id=\"l4l2ok\" data-start=\"3575\" data-end=\"3597\">atrasos em reuni\u00f5es;<\/li>\n<li data-section-id=\"f9i2ur\" data-start=\"3598\" data-end=\"3671\">dificuldade de deslocamento entre hotel, feira e jantares corporativos;<\/li>\n<li data-section-id=\"wskwp\" data-start=\"3672\" data-end=\"3703\">desgaste da equipe comercial.<\/li>\n<\/ul>\n<p data-start=\"3705\" data-end=\"3916\">Al\u00e9m disso, visitantes internacionais normalmente valorizam atendimento bil\u00edngue, pontualidade e experi\u00eancia premium. Pequenas falhas operacionais podem impactar diretamente a percep\u00e7\u00e3o sobre a empresa anfitri\u00e3.<\/p>\n<h2 data-section-id=\"1x2qj0e\" data-start=\"3918\" data-end=\"3988\">Transporte Executivo no Expo Center Norte Vai Muito Al\u00e9m do Ve\u00edculo<\/h2>\n<p data-start=\"3990\" data-end=\"4104\">Existe uma diferen\u00e7a enorme entre simplesmente contratar um carro e contratar uma opera\u00e7\u00e3o executiva profissional.<\/p>\n<p data-start=\"4106\" data-end=\"4249\">Enquanto aplicativos comuns trabalham sob demanda, empresas especializadas em transporte executivo atuam com planejamento operacional completo.<\/p>\n<p data-start=\"4251\" data-end=\"4275\">Na pr\u00e1tica, isso inclui:<\/p>\n<h3 data-section-id=\"1k0g0cj\" data-start=\"4277\" data-end=\"4316\">Monitoramento de Voos em Tempo Real<\/h3>\n<p data-start=\"4318\" data-end=\"4507\">Atrasos e altera\u00e7\u00f5es de voo s\u00e3o extremamente comuns em per\u00edodos de feiras internacionais. Um servi\u00e7o executivo profissional acompanha essas mudan\u00e7as para ajustar a opera\u00e7\u00e3o automaticamente.<\/p>\n<h3 data-section-id=\"1rkmur8\" data-start=\"4509\" data-end=\"4537\">Coordena\u00e7\u00e3o via WhatsApp<\/h3>\n<p data-start=\"4539\" data-end=\"4688\">Empresas modernas costumam abrir grupos operacionais com clientes, motoristas e equipe de atendimento, facilitando comunica\u00e7\u00e3o r\u00e1pida e centralizada.<\/p>\n<h3 data-section-id=\"110bbqv\" data-start=\"4690\" data-end=\"4720\">Recep\u00e7\u00e3o VIP em Aeroportos<\/h3>\n<p data-start=\"4722\" data-end=\"4848\">Executivos estrangeiros frequentemente valorizam servi\u00e7os de meet &amp; greet em GRU e Congonhas, principalmente ap\u00f3s voos longos.<\/p>\n<h3 data-section-id=\"rxv4fl\" data-start=\"4850\" data-end=\"4892\">Frota Compat\u00edvel com Diferentes Perfis<\/h3>\n<p data-start=\"4894\" data-end=\"4957\">Dependendo do perfil da opera\u00e7\u00e3o, pode ser necess\u00e1rio utilizar:<\/p>\n<ul data-start=\"4958\" data-end=\"5074\">\n<li data-section-id=\"1ik9ymc\" data-start=\"4958\" data-end=\"4978\">sedans executivos;<\/li>\n<li data-section-id=\"1m6nn9n\" data-start=\"4979\" data-end=\"4994\">SUVs premium;<\/li>\n<li data-section-id=\"12sx25q\" data-start=\"4995\" data-end=\"5013\">vans executivas;<\/li>\n<li data-section-id=\"jbike7\" data-start=\"5014\" data-end=\"5035\">ve\u00edculos blindados;<\/li>\n<li data-section-id=\"155j42z\" data-start=\"5036\" data-end=\"5074\">transporte para grupos corporativos.<\/li>\n<\/ul>\n<h2 data-section-id=\"1k0s8ks\" data-start=\"5076\" data-end=\"5140\">Expo Empreendedor 2026 e a Nova Era da Mobilidade Corporativa<\/h2>\n<p data-start=\"5142\" data-end=\"5288\">A Expo Empreendedor 2026, marcada para os dias 24 e 25 de julho, ter\u00e1 forte presen\u00e7a de empres\u00e1rios, investidores, startups e l\u00edderes de inova\u00e7\u00e3o.<\/p>\n<p data-start=\"5290\" data-end=\"5363\">Esse perfil de p\u00fablico normalmente possui agendas extremamente din\u00e2micas.<\/p>\n<p data-start=\"5365\" data-end=\"5386\">Muitos participantes:<\/p>\n<ul data-start=\"5387\" data-end=\"5588\">\n<li data-section-id=\"1626pee\" data-start=\"5387\" data-end=\"5421\">realizam reuni\u00f5es fora da feira;<\/li>\n<li data-section-id=\"1sptiy9\" data-start=\"5422\" data-end=\"5454\">visitam clientes em S\u00e3o Paulo;<\/li>\n<li data-section-id=\"1cfimcx\" data-start=\"5455\" data-end=\"5489\">participam de eventos paralelos;<\/li>\n<li data-section-id=\"2eh2c4\" data-start=\"5490\" data-end=\"5527\">precisam de motorista \u00e0 disposi\u00e7\u00e3o;<\/li>\n<li data-section-id=\"39nc3x\" data-start=\"5528\" data-end=\"5588\">valorizam discri\u00e7\u00e3o e produtividade durante deslocamentos.<\/li>\n<\/ul>\n<p data-start=\"5590\" data-end=\"5707\">Por isso, o modelo tradicional de transporte urbano muitas vezes n\u00e3o atende \u00e0s necessidades desse perfil corporativo.<\/p>\n<p data-start=\"5709\" data-end=\"5764\">Al\u00e9m disso, existe um fator pouco comentado: seguran\u00e7a.<\/p>\n<p data-start=\"5766\" data-end=\"5979\">Executivos frequentemente transportam notebooks, equipamentos, contratos e informa\u00e7\u00f5es estrat\u00e9gicas. Em S\u00e3o Paulo, empresas internacionais costumam priorizar opera\u00e7\u00f5es profissionais justamente para reduzir riscos.<\/p>\n<h2 data-section-id=\"1g8gzj6\" data-start=\"5981\" data-end=\"6042\">Uber Black ou Transporte Executivo para Expo Center Norte?<\/h2>\n<p data-start=\"6044\" data-end=\"6109\">Essa \u00e9 uma d\u00favida comum entre visitantes de eventos corporativos.<\/p>\n<p data-start=\"6111\" data-end=\"6201\">Embora o Uber Black possa funcionar em situa\u00e7\u00f5es pontuais, existem diferen\u00e7as importantes:<\/p>\n<div class=\"TyagGW_tableContainer\">\n<div class=\"group TyagGW_tableWrapper flex flex-col-reverse w-fit\" tabindex=\"-1\">\n<table class=\"w-fit min-w-(--thread-content-width)\" style=\"height: 214px;\" width=\"920\" data-start=\"6203\" data-end=\"6583\">\n<thead data-start=\"6203\" data-end=\"6253\">\n<tr data-start=\"6203\" data-end=\"6253\">\n<th class=\"\" data-start=\"6203\" data-end=\"6216\" data-col-size=\"sm\">Uber Black<\/th>\n<th class=\"\" data-start=\"6216\" data-end=\"6253\" data-col-size=\"sm\">Transporte Executivo Profissional<\/th>\n<\/tr>\n<\/thead>\n<tbody data-start=\"6264\" data-end=\"6583\">\n<tr data-start=\"6264\" data-end=\"6312\">\n<td data-start=\"6264\" data-end=\"6291\" data-col-size=\"sm\">Disponibilidade vari\u00e1vel<\/td>\n<td data-col-size=\"sm\" data-start=\"6291\" data-end=\"6312\">Reserva garantida<\/td>\n<\/tr>\n<tr data-start=\"6313\" data-end=\"6362\">\n<td data-start=\"6313\" data-end=\"6343\" data-col-size=\"sm\">Sem coordena\u00e7\u00e3o operacional<\/td>\n<td data-col-size=\"sm\" data-start=\"6343\" data-end=\"6362\">Equipe dedicada<\/td>\n<\/tr>\n<tr data-start=\"6363\" data-end=\"6417\">\n<td data-start=\"6363\" data-end=\"6390\" data-col-size=\"sm\">Cancelamentos frequentes<\/td>\n<td data-col-size=\"sm\" data-start=\"6390\" data-end=\"6417\">Planejamento antecipado<\/td>\n<\/tr>\n<tr data-start=\"6418\" data-end=\"6466\">\n<td data-start=\"6418\" data-end=\"6441\" data-col-size=\"sm\">Atendimento limitado<\/td>\n<td data-col-size=\"sm\" data-start=\"6441\" data-end=\"6466\">Suporte personalizado<\/td>\n<\/tr>\n<tr data-start=\"6467\" data-end=\"6523\">\n<td data-start=\"6467\" data-end=\"6501\" data-col-size=\"sm\">Pouca flexibilidade corporativa<\/td>\n<td data-col-size=\"sm\" data-start=\"6501\" data-end=\"6523\">Opera\u00e7\u00e3o adapt\u00e1vel<\/td>\n<\/tr>\n<tr data-start=\"6524\" data-end=\"6583\">\n<td data-start=\"6524\" data-end=\"6551\" data-col-size=\"sm\">Sem monitoramento de voo<\/td>\n<td data-col-size=\"sm\" data-start=\"6551\" data-end=\"6583\">Acompanhamento em tempo real<\/td>\n<\/tr>\n<\/tbody>\n<\/table>\n<\/div>\n<\/div>\n<p data-start=\"6585\" data-end=\"6666\">Durante eventos de grande porte, essas diferen\u00e7as se tornam ainda mais evidentes.<\/p>\n<p data-start=\"6668\" data-end=\"6730\">Muitos executivos percebem o problema apenas quando enfrentam:<\/p>\n<ul data-start=\"6731\" data-end=\"6896\">\n<li data-section-id=\"aafkun\" data-start=\"6731\" data-end=\"6760\">cancelamentos consecutivos;<\/li>\n<li data-section-id=\"1agzry1\" data-start=\"6761\" data-end=\"6784\">demora para embarque;<\/li>\n<li data-section-id=\"1ua79kb\" data-start=\"6785\" data-end=\"6829\">dificuldade em encontrar ve\u00edculos grandes;<\/li>\n<li data-section-id=\"198abx5\" data-start=\"6830\" data-end=\"6854\">falhas de comunica\u00e7\u00e3o;<\/li>\n<li data-section-id=\"xhsq3s\" data-start=\"6855\" data-end=\"6896\">indisponibilidade em hor\u00e1rios cr\u00edticos.<\/li>\n<\/ul>\n<h2 data-section-id=\"pnli1x\" data-start=\"6898\" data-end=\"6972\">Divers\u00e3o Offline 2026: Mobilidade Tamb\u00e9m Impacta Experi\u00eancia e Conte\u00fado<\/h2>\n<p data-start=\"6974\" data-end=\"7119\">Embora tenha um perfil mais voltado \u00e0 cultura geek e entretenimento, a Divers\u00e3o Offline 2026 tamb\u00e9m movimenta uma cadeia profissional importante.<\/p>\n<p data-start=\"7121\" data-end=\"7231\">Criadores de conte\u00fado, publishers, patrocinadores e marcas precisam cumprir agendas intensas durante o evento.<\/p>\n<p data-start=\"7233\" data-end=\"7308\">Al\u00e9m disso, influenciadores e empresas de m\u00eddia frequentemente transportam:<\/p>\n<ul data-start=\"7309\" data-end=\"7389\">\n<li data-section-id=\"qogwtg\" data-start=\"7309\" data-end=\"7324\">equipamentos;<\/li>\n<li data-section-id=\"nghoc1\" data-start=\"7325\" data-end=\"7350\">materiais promocionais;<\/li>\n<li data-section-id=\"14iqd9j\" data-start=\"7351\" data-end=\"7362\">produtos;<\/li>\n<li data-section-id=\"h95ntc\" data-start=\"7363\" data-end=\"7389\">estruturas de exposi\u00e7\u00e3o.<\/li>\n<\/ul>\n<p data-start=\"7391\" data-end=\"7493\">Nesse cen\u00e1rio, contar com log\u00edstica organizada reduz desgaste e melhora a experi\u00eancia geral do evento.<\/p>\n<h2 data-section-id=\"17cr7ms\" data-start=\"7495\" data-end=\"7540\">Os Bastidores Que Poucos Clientes Conhecem<\/h2>\n<p data-start=\"7542\" data-end=\"7633\">Durante grandes feiras em S\u00e3o Paulo, existe um fen\u00f4eno recorrente no mercado de mobilidade:<\/p>\n<p data-start=\"7635\" data-end=\"7710\">Quanto mais pr\u00f3ximo do evento, menor a disponibilidade de ve\u00edculos premium.<\/p>\n<p data-start=\"7712\" data-end=\"7786\">Empresas que deixam contrata\u00e7\u00e3o para \u00faltima hora frequentemente enfrentam:<\/p>\n<ul data-start=\"7787\" data-end=\"7889\">\n<li data-section-id=\"11xx6z0\" data-start=\"7787\" data-end=\"7805\">pre\u00e7os elevados;<\/li>\n<li data-section-id=\"4kuoz2\" data-start=\"7806\" data-end=\"7831\">escassez de motoristas;<\/li>\n<li data-section-id=\"1a7tsh5\" data-start=\"7832\" data-end=\"7862\">falta de ve\u00edculos adequados;<\/li>\n<li data-section-id=\"1cggbpx\" data-start=\"7863\" data-end=\"7889\">dificuldade operacional.<\/li>\n<\/ul>\n<p data-start=\"7891\" data-end=\"8052\">Outro ponto importante \u00e9 que muitos servi\u00e7os comuns n\u00e3o conseguem lidar bem com mudan\u00e7as r\u00e1pidas de agenda \u2014 algo extremamente frequente em eventos corporativos.<\/p>\n<p data-start=\"8054\" data-end=\"8141\">Por isso, empresas experientes costumam reservar opera\u00e7\u00f5es log\u00edsticas com anteced\u00eancia.<\/p>\n<h2 data-section-id=\"1346270\" data-start=\"8143\" data-end=\"8217\">O Que Empresas Premium Avaliam Antes de Contratar Transporte Executivo?<\/h2>\n<p data-start=\"8219\" data-end=\"8279\">Empresas mais exigentes normalmente observam crit\u00e9rios como:<\/p>\n<h3 data-section-id=\"18zc6zw\" data-start=\"8281\" data-end=\"8302\">Pontualidade Real<\/h3>\n<p data-start=\"8303\" data-end=\"8399\">N\u00e3o basta chegar \u201cpr\u00f3ximo do hor\u00e1rio\u201d. Em ambiente corporativo, pontualidade significa precis\u00e3o.<\/p>\n<h3 data-section-id=\"1w4c244\" data-start=\"8401\" data-end=\"8427\">Capacidade Operacional<\/h3>\n<p data-start=\"8428\" data-end=\"8488\">Grandes eventos exigem estrutura, equipe e suporte cont\u00ednuo.<\/p>\n<h3 data-section-id=\"1avockt\" data-start=\"8490\" data-end=\"8525\">Experi\u00eancia em Feiras e Eventos<\/h3>\n<p data-start=\"8526\" data-end=\"8614\">Opera\u00e7\u00f5es em feiras possuem din\u00e2mica pr\u00f3pria e exigem conhecimento log\u00edstico espec\u00edfico.<\/p>\n<h3 data-section-id=\"23ym0r\" data-start=\"8616\" data-end=\"8640\">Atendimento Bil\u00edngue<\/h3>\n<p data-start=\"8641\" data-end=\"8686\">Muito valorizado por empresas internacionais.<\/p>\n<h3 data-section-id=\"12n09ul\" data-start=\"8688\" data-end=\"8717\">Flexibilidade Operacional<\/h3>\n<p data-start=\"8718\" data-end=\"8772\">Mudan\u00e7as de agenda s\u00e3o inevit\u00e1veis em grandes eventos.<\/p>\n<h3 data-section-id=\"lr8mep\" data-start=\"8774\" data-end=\"8799\">Seguran\u00e7a e Discri\u00e7\u00e3o<\/h3>\n<p data-start=\"8800\" data-end=\"8869\">Especialmente relevante para executivos, investidores e clientes VIP.<\/p>\n<h2 data-section-id=\"1yrprph\" data-start=\"8871\" data-end=\"8935\">Como Transformar o Transporte em Parte da Experi\u00eancia Premium<\/h2>\n<p data-start=\"8937\" data-end=\"9024\">As empresas que mais se destacam durante eventos em S\u00e3o Paulo entendem algo importante:<\/p>\n<p data-start=\"9026\" data-end=\"9075\">A experi\u00eancia do visitante come\u00e7a no desembarque.<\/p>\n<p data-start=\"9077\" data-end=\"9118\">Quando um cliente internacional encontra:<\/p>\n<ul data-start=\"9119\" data-end=\"9234\">\n<li data-section-id=\"1e5rwl7\" data-start=\"9119\" data-end=\"9141\">recep\u00e7\u00e3o organizada;<\/li>\n<li data-section-id=\"144iwg\" data-start=\"9142\" data-end=\"9167\">motorista profissional;<\/li>\n<li data-section-id=\"1u5rde3\" data-start=\"9168\" data-end=\"9190\">ve\u00edculo confort\u00e1vel;<\/li>\n<li data-section-id=\"th9zwg\" data-start=\"9191\" data-end=\"9212\">atendimento fluido;<\/li>\n<li data-section-id=\"194jwr\" data-start=\"9213\" data-end=\"9234\">opera\u00e7\u00e3o eficiente;<\/li>\n<\/ul>\n<p data-start=\"9236\" data-end=\"9285\">isso gera percep\u00e7\u00e3o imediata de profissionalismo.<\/p>\n<p data-start=\"9287\" data-end=\"9392\">E, muitas vezes, esse detalhe influencia diretamente negocia\u00e7\u00f5es comerciais e relacionamento corporativo.<\/p>\n<h2 data-section-id=\"bs0q31\" data-start=\"9394\" data-end=\"9433\">S\u00e3o Paulo Exige Estrat\u00e9gia Log\u00edstica<\/h2>\n<p data-start=\"9435\" data-end=\"9546\">Quem participa de grandes eventos no Expo Center Norte sem planejamento log\u00edstico adequado geralmente enfrenta:<\/p>\n<ul data-start=\"9547\" data-end=\"9658\">\n<li data-section-id=\"3e7ayt\" data-start=\"9547\" data-end=\"9558\">desgaste;<\/li>\n<li data-section-id=\"6ab5ju\" data-start=\"9559\" data-end=\"9569\">atrasos;<\/li>\n<li data-section-id=\"t6vczu\" data-start=\"9570\" data-end=\"9595\">perda de produtividade;<\/li>\n<li data-section-id=\"x0lclh\" data-start=\"9596\" data-end=\"9624\">dificuldades operacionais;<\/li>\n<li data-section-id=\"f2xe9i\" data-start=\"9625\" data-end=\"9658\">experi\u00eancia abaixo do esperado.<\/li>\n<\/ul>\n<p data-start=\"9660\" data-end=\"9794\">Por outro lado, empresas que investem em mobilidade executiva estruturada conseguem transformar deslocamentos em vantagem competitiva.<\/p>\n<p data-start=\"9796\" data-end=\"9896\">Em uma cidade din\u00e2mica como S\u00e3o Paulo, log\u00edstica eficiente deixou de ser luxo. Tornou-se estrat\u00e9gia.<\/p>\n<h2 data-section-id=\"10p39dg\" data-start=\"9898\" data-end=\"9968\">Transporte Executivo para Expo Center Norte com Atendimento Premium<\/h2>\n<p data-start=\"9970\" data-end=\"10226\">Durante eventos como FIPAN 2026, Expo Empreendedor 2026 e Divers\u00e3o Offline 2026, contar com uma opera\u00e7\u00e3o especializada em transporte executivo em S\u00e3o Paulo pode representar a diferen\u00e7a entre uma experi\u00eancia estressante e uma opera\u00e7\u00e3o corporativa eficiente.<\/p>\n<p data-start=\"10228\" data-end=\"10432\">A GS Transfer atua h\u00e1 mais de uma d\u00e9cada no segmento de mobilidade executiva premium, atendendo executivos, empresas nacionais e internacionais, visitantes VIP e grandes eventos corporativos em S\u00e3o Paulo.<\/p>\n<p data-start=\"10434\" data-end=\"10630\">Com frota moderna, atendimento personalizado e experi\u00eancia operacional em feiras de grande porte, a empresa oferece solu\u00e7\u00f5es adaptadas para diferentes perfis de clientes e necessidades log\u00edsticas.<\/p>\n<p data-start=\"10632\" data-end=\"10838\">Solicite um atendimento especializado e descubra como um servi\u00e7o de transporte executivo para Expo Center Norte pode elevar a experi\u00eancia da sua empresa durante os maiores eventos corporativos de S\u00e3o Paulo.<\/p>\n<hr data-start=\"10840\" data-end=\"10843\" \/>\n<h2 data-section-id=\"16cj3c6\" data-start=\"10845\" data-end=\"10874\">FAQ \u2014 Perguntas Frequentes<\/h2>\n<h3 data-section-id=\"1odyxrk\" data-start=\"10876\" data-end=\"10939\">Qual o melhor transporte para eventos no Expo Center Norte?<\/h3>\n<p data-start=\"10940\" data-end=\"11115\">O transporte executivo profissional costuma ser a op\u00e7\u00e3o mais eficiente para empresas, executivos e visitantes VIP que precisam de pontualidade, conforto e suporte operacional.<\/p>\n<h3 data-section-id=\"1ygttkl\" data-start=\"11117\" data-end=\"11192\">Vale a pena contratar transporte executivo em S\u00e3o Paulo durante feiras?<\/h3>\n<p data-start=\"11193\" data-end=\"11319\">Sim. Durante grandes eventos, a demanda por ve\u00edculos aumenta significativamente, tornando aplicativos comuns menos confi\u00e1veis.<\/p>\n<h3 data-section-id=\"1n7v1aa\" data-start=\"11321\" data-end=\"11376\">Qual aeroporto \u00e9 mais pr\u00f3ximo do Expo Center Norte?<\/h3>\n<p data-start=\"11377\" data-end=\"11517\">O Aeroporto de Congonhas possui acesso relativamente r\u00e1pido dependendo do tr\u00e2nsito. J\u00e1 Guarulhos recebe maior volume de voos internacionais.<\/p>\n<h3 data-section-id=\"h024y5\" data-start=\"11519\" data-end=\"11591\">Empresas internacionais contratam transporte executivo em S\u00e3o Paulo?<\/h3>\n<p data-start=\"11592\" data-end=\"11723\">Sim. Muitas empresas internacionais priorizam opera\u00e7\u00f5es profissionais com motoristas bil\u00edngues, recep\u00e7\u00e3o VIP e suporte corporativo.<\/p>\n<hr data-start=\"11725\" data-end=\"11728\" \/>\n<h2 data-section-id=\"1gh6qhz\" data-start=\"11730\" data-end=\"11757\">Links Internos Sugeridos<\/h2>\n<ul data-start=\"11759\" data-end=\"11997\">\n<li data-section-id=\"vs2a71\" data-start=\"11759\" data-end=\"11845\"><a class=\"decorated-link cursor-pointer\" target=\"_new\" rel=\"noopener\" data-start=\"11761\" data-end=\"11845\">https:\/\/gstransfer.com.br\/blog\/transfer-executivo-gru-para-executivos-internacionais<\/a><\/li>\n<li data-section-id=\"mltton\" data-start=\"11846\" data-end=\"11924\"><a class=\"decorated-link cursor-pointer\" target=\"_new\" rel=\"noopener\" data-start=\"11848\" data-end=\"11924\">https:\/\/gstransfer.com.br\/blog\/transporte-executivo-para-feiras-em-sao-paulo<\/a><\/li>\n<li data-section-id=\"j7w2wl\" data-start=\"11925\" data-end=\"11997\"><a class=\"decorated-link cursor-pointer\" target=\"_new\" rel=\"noopener\" data-start=\"11927\" data-end=\"11997\">https:\/\/gstransfer.com.br\/blog\/receptivo-vip-no-aeroporto-de-guarulhos<\/a><\/li>\n<\/ul>\n<hr data-start=\"11999\" data-end=\"12002\" \/>\n<h2 data-section-id=\"16p4nnj\" data-start=\"12004\" data-end=\"12032\">Links Externos Confi\u00e1veis<\/h2>\n<ul data-start=\"12034\" data-end=\"12177\">\n<li data-section-id=\"l5pn2g\" data-start=\"12034\" data-end=\"12114\"><a class=\"decorated-link\" href=\"https:\/\/www.expocenternorte.com.br?utm_source=chatgpt.com\" target=\"_new\" rel=\"noopener\" data-start=\"12036\" data-end=\"12114\">Expo Center Norte<\/a><\/li>\n<li data-section-id=\"1xsct9y\" data-start=\"12115\" data-end=\"12177\"><a class=\"decorated-link\" href=\"https:\/\/fipan.com.br?utm_source=chatgpt.com\" target=\"_new\" rel=\"noopener\" data-start=\"12117\" data-end=\"12177\">FIPAN Oficial<\/a><\/li>\n<\/ul>\n","protected":false},"excerpt":{"rendered":"<p>O servi\u00e7o de Transporte Executivo Expo Center Norte tornou-se indispens\u00e1vel para empresas, executivos e visitantes VIP que participam das maiores feiras e eventos corporativos de S\u00e3o Paulo. Durante eventos como FIPAN 2026, Expo Empreendedor 2026 e Divers\u00e3o Offline 2026, a mobilidade na cidade se transforma em um desafio estrat\u00e9gico, especialmente para quem precisa de pontualidade, [&hellip;]<\/p>\n","protected":false},"author":1,"featured_media":2376,"comment_status":"open","ping_status":"open","sticky":false,"template":"","format":"standard","meta":{"footnotes":""},"categories":[318],"tags":[],"class_list":["post-2375","post","type-post","status-publish","format-standard","has-post-thumbnail","hentry","category-expo"],"yoast_head":"<!-- This site is optimized with the Yoast SEO Premium plugin v28.1 (Yoast SEO v28.4) - https:\/\/yoast.com\/product\/yoast-seo-premium-wordpress\/ -->\n<title>Transporte Executivo no Expo Center Norte | GS Transfer<\/title>\n<meta name=\"description\" content=\"V\u00e1 para feiras e congressos no S\u00e3o Paulo Expo com pontualidade. Transfer executivo da GS Transfer para eventos corporativos.\" \/>\n<meta name=\"robots\" content=\"index, follow, max-snippet:-1, max-image-preview:large, max-video-preview:-1\" \/>\n<link rel=\"canonical\" href=\"https:\/\/gstransfer.com.br\/blog\/expo\/transporte-executivo-expo-center-norte\/\" \/>\n<meta property=\"og:locale\" content=\"pt_BR\" \/>\n<meta property=\"og:type\" content=\"article\" \/>\n<meta property=\"og:title\" content=\"Transporte Executivo Expo Center Norte em S\u00e3o Paulo\" \/>\n<meta property=\"og:description\" content=\"O servi\u00e7o de Transporte Executivo Expo Center Norte tornou-se indispens\u00e1vel para empresas, executivos e visitantes VIP que participam das maiores feiras e\" \/>\n<meta property=\"og:url\" content=\"https:\/\/gstransfer.com.br\/blog\/expo\/transporte-executivo-expo-center-norte\/\" \/>\n<meta property=\"og:site_name\" content=\"Blog da GS Transfer\" \/>\n<meta property=\"article:publisher\" content=\"https:\/\/pt-br.facebook.com\/gstransferSP\/\" \/>\n<meta property=\"article:published_time\" content=\"2026-06-06T13:00:09+00:00\" \/>\n<meta property=\"article:modified_time\" content=\"2026-07-22T15:59:08+00:00\" \/>\n<meta property=\"og:image\" content=\"https:\/\/gstransfer.com.br\/blog\/wp-content\/uploads\/2026\/05\/ChatGPT-Image-14-de-mai.-de-2026-09_21_55-1024x683.png\" \/>\n\t<meta property=\"og:image:width\" content=\"1024\" \/>\n\t<meta property=\"og:image:height\" content=\"683\" \/>\n\t<meta property=\"og:image:type\" content=\"image\/png\" \/>\n<meta name=\"author\" content=\"GS Transfer\" \/>\n<meta name=\"twitter:card\" content=\"summary_large_image\" \/>\n<meta name=\"twitter:label1\" content=\"Escrito por\" \/>\n\t<meta name=\"twitter:data1\" content=\"GS Transfer\" \/>\n\t<meta name=\"twitter:label2\" content=\"Est. tempo de leitura\" \/>\n\t<meta name=\"twitter:data2\" content=\"9 minutos\" \/>\n<script type=\"application\/ld+json\" class=\"yoast-schema-graph\">{\"@context\":\"https:\\\/\\\/schema.org\",\"@graph\":[{\"@type\":[\"Article\",\"BlogPosting\"],\"@id\":\"https:\\\/\\\/gstransfer.com.br\\\/blog\\\/expo\\\/transporte-executivo-expo-center-norte\\\/#article\",\"isPartOf\":{\"@id\":\"https:\\\/\\\/gstransfer.com.br\\\/blog\\\/expo\\\/transporte-executivo-expo-center-norte\\\/\"},\"author\":{\"name\":\"GS Transfer\",\"@id\":\"https:\\\/\\\/gstransfer.com.br\\\/blog\\\/#\\\/schema\\\/person\\\/cd30e1da5de5f7e9ddc9d80552b26dda\"},\"headline\":\"Transporte Executivo Expo Center Norte em S\u00e3o Paulo\",\"datePublished\":\"2026-06-06T13:00:09+00:00\",\"dateModified\":\"2026-07-22T15:59:08+00:00\",\"mainEntityOfPage\":{\"@id\":\"https:\\\/\\\/gstransfer.com.br\\\/blog\\\/expo\\\/transporte-executivo-expo-center-norte\\\/\"},\"wordCount\":1688,\"commentCount\":0,\"publisher\":{\"@id\":\"https:\\\/\\\/gstransfer.com.br\\\/blog\\\/#organization\"},\"image\":{\"@id\":\"https:\\\/\\\/gstransfer.com.br\\\/blog\\\/expo\\\/transporte-executivo-expo-center-norte\\\/#primaryimage\"},\"thumbnailUrl\":\"https:\\\/\\\/gstransfer.com.br\\\/blog\\\/wp-content\\\/uploads\\\/2026\\\/05\\\/ChatGPT-Image-14-de-mai.-de-2026-09_21_55.png\",\"articleSection\":[\"Expo\"],\"inLanguage\":\"pt-BR\",\"potentialAction\":[{\"@type\":\"CommentAction\",\"name\":\"Comment\",\"target\":[\"https:\\\/\\\/gstransfer.com.br\\\/blog\\\/expo\\\/transporte-executivo-expo-center-norte\\\/#respond\"]}]},{\"@type\":\"WebPage\",\"@id\":\"https:\\\/\\\/gstransfer.com.br\\\/blog\\\/expo\\\/transporte-executivo-expo-center-norte\\\/\",\"url\":\"https:\\\/\\\/gstransfer.com.br\\\/blog\\\/expo\\\/transporte-executivo-expo-center-norte\\\/\",\"name\":\"Transporte Executivo no Expo Center Norte | GS Transfer\",\"isPartOf\":{\"@id\":\"https:\\\/\\\/gstransfer.com.br\\\/blog\\\/#website\"},\"primaryImageOfPage\":{\"@id\":\"https:\\\/\\\/gstransfer.com.br\\\/blog\\\/expo\\\/transporte-executivo-expo-center-norte\\\/#primaryimage\"},\"image\":{\"@id\":\"https:\\\/\\\/gstransfer.com.br\\\/blog\\\/expo\\\/transporte-executivo-expo-center-norte\\\/#primaryimage\"},\"thumbnailUrl\":\"https:\\\/\\\/gstransfer.com.br\\\/blog\\\/wp-content\\\/uploads\\\/2026\\\/05\\\/ChatGPT-Image-14-de-mai.-de-2026-09_21_55.png\",\"datePublished\":\"2026-06-06T13:00:09+00:00\",\"dateModified\":\"2026-07-22T15:59:08+00:00\",\"description\":\"V\u00e1 para feiras e congressos no S\u00e3o Paulo Expo com pontualidade. Transfer executivo da GS Transfer para eventos corporativos.\",\"breadcrumb\":{\"@id\":\"https:\\\/\\\/gstransfer.com.br\\\/blog\\\/expo\\\/transporte-executivo-expo-center-norte\\\/#breadcrumb\"},\"inLanguage\":\"pt-BR\",\"potentialAction\":[{\"@type\":\"ReadAction\",\"target\":[\"https:\\\/\\\/gstransfer.com.br\\\/blog\\\/expo\\\/transporte-executivo-expo-center-norte\\\/\"]}]},{\"@type\":\"ImageObject\",\"inLanguage\":\"pt-BR\",\"@id\":\"https:\\\/\\\/gstransfer.com.br\\\/blog\\\/expo\\\/transporte-executivo-expo-center-norte\\\/#primaryimage\",\"url\":\"https:\\\/\\\/gstransfer.com.br\\\/blog\\\/wp-content\\\/uploads\\\/2026\\\/05\\\/ChatGPT-Image-14-de-mai.-de-2026-09_21_55.png\",\"contentUrl\":\"https:\\\/\\\/gstransfer.com.br\\\/blog\\\/wp-content\\\/uploads\\\/2026\\\/05\\\/ChatGPT-Image-14-de-mai.-de-2026-09_21_55.png\",\"width\":1536,\"height\":1024,\"caption\":\"Transporte Executivo Expo Center Norte Durante Grandes Eventos\"},{\"@type\":\"BreadcrumbList\",\"@id\":\"https:\\\/\\\/gstransfer.com.br\\\/blog\\\/expo\\\/transporte-executivo-expo-center-norte\\\/#breadcrumb\",\"itemListElement\":[{\"@type\":\"ListItem\",\"position\":1,\"name\":\"In\u00edcio\",\"item\":\"https:\\\/\\\/gstransfer.com.br\\\/blog\\\/\"},{\"@type\":\"ListItem\",\"position\":2,\"name\":\"Expo\",\"item\":\"https:\\\/\\\/gstransfer.com.br\\\/blog\\\/categorias\\\/expo\\\/\"},{\"@type\":\"ListItem\",\"position\":3,\"name\":\"Transporte Executivo Expo Center Norte em S\u00e3o Paulo\"}]},{\"@type\":\"WebSite\",\"@id\":\"https:\\\/\\\/gstransfer.com.br\\\/blog\\\/#website\",\"url\":\"https:\\\/\\\/gstransfer.com.br\\\/blog\\\/\",\"name\":\"Blog da GS Transfer\",\"description\":\"Dicas de Viagem e Transporte Executivo em SP\",\"publisher\":{\"@id\":\"https:\\\/\\\/gstransfer.com.br\\\/blog\\\/#organization\"},\"alternateName\":\"Blog GS Transfer\",\"potentialAction\":[{\"@type\":\"SearchAction\",\"target\":{\"@type\":\"EntryPoint\",\"urlTemplate\":\"https:\\\/\\\/gstransfer.com.br\\\/blog\\\/?s={search_term_string}\"},\"query-input\":{\"@type\":\"PropertyValueSpecification\",\"valueRequired\":true,\"valueName\":\"search_term_string\"}}],\"inLanguage\":\"pt-BR\"},{\"@type\":\"Organization\",\"@id\":\"https:\\\/\\\/gstransfer.com.br\\\/blog\\\/#organization\",\"name\":\"Blog GS Transfer\",\"alternateName\":\"Blog da GS Transfer\",\"url\":\"https:\\\/\\\/gstransfer.com.br\\\/blog\\\/\",\"logo\":{\"@type\":\"ImageObject\",\"inLanguage\":\"pt-BR\",\"@id\":\"https:\\\/\\\/gstransfer.com.br\\\/blog\\\/#\\\/schema\\\/logo\\\/image\\\/\",\"url\":\"https:\\\/\\\/gstransfer.com.br\\\/blog\\\/wp-content\\\/uploads\\\/2026\\\/07\\\/696x696.png\",\"contentUrl\":\"https:\\\/\\\/gstransfer.com.br\\\/blog\\\/wp-content\\\/uploads\\\/2026\\\/07\\\/696x696.png\",\"width\":696,\"height\":696,\"caption\":\"Blog GS Transfer\"},\"image\":{\"@id\":\"https:\\\/\\\/gstransfer.com.br\\\/blog\\\/#\\\/schema\\\/logo\\\/image\\\/\"},\"sameAs\":[\"https:\\\/\\\/pt-br.facebook.com\\\/gstransferSP\\\/\",\"https:\\\/\\\/www.instagram.com\\\/gstransfersp\",\"https:\\\/\\\/www.tripadvisor.com.br\\\/Attraction_Review-g303631-d17466444-Reviews-GS_Transfer_Transporte_Executivo-Sao_Paulo_State_of_Sao_Paulo.html\",\"https:\\\/\\\/br.linkedin.com\\\/company\\\/gs-transfer-e-turismo\"],\"description\":\"A GS Transfer \u00e9 uma empresa de transporte executivo com 10 anos de atua\u00e7\u00e3o em S\u00e3o Paulo e regi\u00e3o, e mais de 42.000 atendimentos realizados. Oferece traslados para aeroportos (Guarulhos, Congonhas e Viracopos), eventos corporativos, feiras, shows e viagens para o litoral e interior, com frota completa \u2014 pr\u00f3pria e rede de parceiros credenciados \u2014 que atende todas as categorias: sedans, ve\u00edculos de luxo, SUVs, blindados, vans, micro-\u00f4nibus e \u00f4nibus executivos. Conta com motoristas profissionais e bil\u00edngues, atendimento 24 horas e monitoramento em tempo real. \u00c9 recomendada no TripAdvisor e registrada no Cadastur.\",\"email\":\"contato@gstransfer.com.br\",\"telephone\":\"+55 (11) 2737-2681\",\"legalName\":\"GS Transfer\",\"foundingDate\":\"2016-07-01\",\"vatID\":\"24.763.257\\\/0001-63\",\"numberOfEmployees\":{\"@type\":\"QuantitativeValue\",\"minValue\":\"1\",\"maxValue\":\"10\"}},{\"@type\":\"Person\",\"@id\":\"https:\\\/\\\/gstransfer.com.br\\\/blog\\\/#\\\/schema\\\/person\\\/cd30e1da5de5f7e9ddc9d80552b26dda\",\"name\":\"GS Transfer\",\"image\":{\"@type\":\"ImageObject\",\"inLanguage\":\"pt-BR\",\"@id\":\"https:\\\/\\\/secure.gravatar.com\\\/avatar\\\/c5da0af1f163431fd615f7efecc5a090b3c62787f27e904ee19625ee23767c79?s=96&d=mm&r=g\",\"url\":\"https:\\\/\\\/secure.gravatar.com\\\/avatar\\\/c5da0af1f163431fd615f7efecc5a090b3c62787f27e904ee19625ee23767c79?s=96&d=mm&r=g\",\"contentUrl\":\"https:\\\/\\\/secure.gravatar.com\\\/avatar\\\/c5da0af1f163431fd615f7efecc5a090b3c62787f27e904ee19625ee23767c79?s=96&d=mm&r=g\",\"caption\":\"GS Transfer\"}}]}<\/script>\n<!-- \/ Yoast SEO Premium plugin. -->","yoast_head_json":{"title":"Transporte Executivo no Expo Center Norte | GS Transfer","description":"V\u00e1 para feiras e congressos no S\u00e3o Paulo Expo com pontualidade. Transfer executivo da GS Transfer para eventos corporativos.","robots":{"index":"index","follow":"follow","max-snippet":"max-snippet:-1","max-image-preview":"max-image-preview:large","max-video-preview":"max-video-preview:-1"},"canonical":"https:\/\/gstransfer.com.br\/blog\/expo\/transporte-executivo-expo-center-norte\/","og_locale":"pt_BR","og_type":"article","og_title":"Transporte Executivo Expo Center Norte em S\u00e3o Paulo","og_description":"O servi\u00e7o de Transporte Executivo Expo Center Norte tornou-se indispens\u00e1vel para empresas, executivos e visitantes VIP que participam das maiores feiras e","og_url":"https:\/\/gstransfer.com.br\/blog\/expo\/transporte-executivo-expo-center-norte\/","og_site_name":"Blog da GS Transfer","article_publisher":"https:\/\/pt-br.facebook.com\/gstransferSP\/","article_published_time":"2026-06-06T13:00:09+00:00","article_modified_time":"2026-07-22T15:59:08+00:00","og_image":[{"width":1024,"height":683,"url":"https:\/\/gstransfer.com.br\/blog\/wp-content\/uploads\/2026\/05\/ChatGPT-Image-14-de-mai.-de-2026-09_21_55-1024x683.png","type":"image\/png"}],"author":"GS Transfer","twitter_card":"summary_large_image","twitter_misc":{"Escrito por":"GS Transfer","Est. tempo de leitura":"9 minutos"},"schema":{"@context":"https:\/\/schema.org","@graph":[{"@type":["Article","BlogPosting"],"@id":"https:\/\/gstransfer.com.br\/blog\/expo\/transporte-executivo-expo-center-norte\/#article","isPartOf":{"@id":"https:\/\/gstransfer.com.br\/blog\/expo\/transporte-executivo-expo-center-norte\/"},"author":{"name":"GS Transfer","@id":"https:\/\/gstransfer.com.br\/blog\/#\/schema\/person\/cd30e1da5de5f7e9ddc9d80552b26dda"},"headline":"Transporte Executivo Expo Center Norte em S\u00e3o Paulo","datePublished":"2026-06-06T13:00:09+00:00","dateModified":"2026-07-22T15:59:08+00:00","mainEntityOfPage":{"@id":"https:\/\/gstransfer.com.br\/blog\/expo\/transporte-executivo-expo-center-norte\/"},"wordCount":1688,"commentCount":0,"publisher":{"@id":"https:\/\/gstransfer.com.br\/blog\/#organization"},"image":{"@id":"https:\/\/gstransfer.com.br\/blog\/expo\/transporte-executivo-expo-center-norte\/#primaryimage"},"thumbnailUrl":"https:\/\/gstransfer.com.br\/blog\/wp-content\/uploads\/2026\/05\/ChatGPT-Image-14-de-mai.-de-2026-09_21_55.png","articleSection":["Expo"],"inLanguage":"pt-BR","potentialAction":[{"@type":"CommentAction","name":"Comment","target":["https:\/\/gstransfer.com.br\/blog\/expo\/transporte-executivo-expo-center-norte\/#respond"]}]},{"@type":"WebPage","@id":"https:\/\/gstransfer.com.br\/blog\/expo\/transporte-executivo-expo-center-norte\/","url":"https:\/\/gstransfer.com.br\/blog\/expo\/transporte-executivo-expo-center-norte\/","name":"Transporte Executivo no Expo Center Norte | GS Transfer","isPartOf":{"@id":"https:\/\/gstransfer.com.br\/blog\/#website"},"primaryImageOfPage":{"@id":"https:\/\/gstransfer.com.br\/blog\/expo\/transporte-executivo-expo-center-norte\/#primaryimage"},"image":{"@id":"https:\/\/gstransfer.com.br\/blog\/expo\/transporte-executivo-expo-center-norte\/#primaryimage"},"thumbnailUrl":"https:\/\/gstransfer.com.br\/blog\/wp-content\/uploads\/2026\/05\/ChatGPT-Image-14-de-mai.-de-2026-09_21_55.png","datePublished":"2026-06-06T13:00:09+00:00","dateModified":"2026-07-22T15:59:08+00:00","description":"V\u00e1 para feiras e congressos no S\u00e3o Paulo Expo com pontualidade. Transfer executivo da GS Transfer para eventos corporativos.","breadcrumb":{"@id":"https:\/\/gstransfer.com.br\/blog\/expo\/transporte-executivo-expo-center-norte\/#breadcrumb"},"inLanguage":"pt-BR","potentialAction":[{"@type":"ReadAction","target":["https:\/\/gstransfer.com.br\/blog\/expo\/transporte-executivo-expo-center-norte\/"]}]},{"@type":"ImageObject","inLanguage":"pt-BR","@id":"https:\/\/gstransfer.com.br\/blog\/expo\/transporte-executivo-expo-center-norte\/#primaryimage","url":"https:\/\/gstransfer.com.br\/blog\/wp-content\/uploads\/2026\/05\/ChatGPT-Image-14-de-mai.-de-2026-09_21_55.png","contentUrl":"https:\/\/gstransfer.com.br\/blog\/wp-content\/uploads\/2026\/05\/ChatGPT-Image-14-de-mai.-de-2026-09_21_55.png","width":1536,"height":1024,"caption":"Transporte Executivo Expo Center Norte Durante Grandes Eventos"},{"@type":"BreadcrumbList","@id":"https:\/\/gstransfer.com.br\/blog\/expo\/transporte-executivo-expo-center-norte\/#breadcrumb","itemListElement":[{"@type":"ListItem","position":1,"name":"In\u00edcio","item":"https:\/\/gstransfer.com.br\/blog\/"},{"@type":"ListItem","position":2,"name":"Expo","item":"https:\/\/gstransfer.com.br\/blog\/categorias\/expo\/"},{"@type":"ListItem","position":3,"name":"Transporte Executivo Expo Center Norte em S\u00e3o Paulo"}]},{"@type":"WebSite","@id":"https:\/\/gstransfer.com.br\/blog\/#website","url":"https:\/\/gstransfer.com.br\/blog\/","name":"Blog da GS Transfer","description":"Dicas de Viagem e Transporte Executivo em SP","publisher":{"@id":"https:\/\/gstransfer.com.br\/blog\/#organization"},"alternateName":"Blog GS Transfer","potentialAction":[{"@type":"SearchAction","target":{"@type":"EntryPoint","urlTemplate":"https:\/\/gstransfer.com.br\/blog\/?s={search_term_string}"},"query-input":{"@type":"PropertyValueSpecification","valueRequired":true,"valueName":"search_term_string"}}],"inLanguage":"pt-BR"},{"@type":"Organization","@id":"https:\/\/gstransfer.com.br\/blog\/#organization","name":"Blog GS Transfer","alternateName":"Blog da GS Transfer","url":"https:\/\/gstransfer.com.br\/blog\/","logo":{"@type":"ImageObject","inLanguage":"pt-BR","@id":"https:\/\/gstransfer.com.br\/blog\/#\/schema\/logo\/image\/","url":"https:\/\/gstransfer.com.br\/blog\/wp-content\/uploads\/2026\/07\/696x696.png","contentUrl":"https:\/\/gstransfer.com.br\/blog\/wp-content\/uploads\/2026\/07\/696x696.png","width":696,"height":696,"caption":"Blog GS Transfer"},"image":{"@id":"https:\/\/gstransfer.com.br\/blog\/#\/schema\/logo\/image\/"},"sameAs":["https:\/\/pt-br.facebook.com\/gstransferSP\/","https:\/\/www.instagram.com\/gstransfersp","https:\/\/www.tripadvisor.com.br\/Attraction_Review-g303631-d17466444-Reviews-GS_Transfer_Transporte_Executivo-Sao_Paulo_State_of_Sao_Paulo.html","https:\/\/br.linkedin.com\/company\/gs-transfer-e-turismo"],"description":"A GS Transfer \u00e9 uma empresa de transporte executivo com 10 anos de atua\u00e7\u00e3o em S\u00e3o Paulo e regi\u00e3o, e mais de 42.000 atendimentos realizados. Oferece traslados para aeroportos (Guarulhos, Congonhas e Viracopos), eventos corporativos, feiras, shows e viagens para o litoral e interior, com frota completa \u2014 pr\u00f3pria e rede de parceiros credenciados \u2014 que atende todas as categorias: sedans, ve\u00edculos de luxo, SUVs, blindados, vans, micro-\u00f4nibus e \u00f4nibus executivos. Conta com motoristas profissionais e bil\u00edngues, atendimento 24 horas e monitoramento em tempo real. \u00c9 recomendada no TripAdvisor e registrada no Cadastur.","email":"contato@gstransfer.com.br","telephone":"+55 (11) 2737-2681","legalName":"GS Transfer","foundingDate":"2016-07-01","vatID":"24.763.257\/0001-63","numberOfEmployees":{"@type":"QuantitativeValue","minValue":"1","maxValue":"10"}},{"@type":"Person","@id":"https:\/\/gstransfer.com.br\/blog\/#\/schema\/person\/cd30e1da5de5f7e9ddc9d80552b26dda","name":"GS Transfer","image":{"@type":"ImageObject","inLanguage":"pt-BR","@id":"https:\/\/secure.gravatar.com\/avatar\/c5da0af1f163431fd615f7efecc5a090b3c62787f27e904ee19625ee23767c79?s=96&d=mm&r=g","url":"https:\/\/secure.gravatar.com\/avatar\/c5da0af1f163431fd615f7efecc5a090b3c62787f27e904ee19625ee23767c79?s=96&d=mm&r=g","contentUrl":"https:\/\/secure.gravatar.com\/avatar\/c5da0af1f163431fd615f7efecc5a090b3c62787f27e904ee19625ee23767c79?s=96&d=mm&r=g","caption":"GS Transfer"}}]}},"_links":{"self":[{"href":"https:\/\/gstransfer.com.br\/blog\/wp-json\/wp\/v2\/posts\/2375","targetHints":{"allow":["GET"]}}],"collection":[{"href":"https:\/\/gstransfer.com.br\/blog\/wp-json\/wp\/v2\/posts"}],"about":[{"href":"https:\/\/gstransfer.com.br\/blog\/wp-json\/wp\/v2\/types\/post"}],"author":[{"embeddable":true,"href":"https:\/\/gstransfer.com.br\/blog\/wp-json\/wp\/v2\/users\/1"}],"replies":[{"embeddable":true,"href":"https:\/\/gstransfer.com.br\/blog\/wp-json\/wp\/v2\/comments?post=2375"}],"version-history":[{"count":2,"href":"https:\/\/gstransfer.com.br\/blog\/wp-json\/wp\/v2\/posts\/2375\/revisions"}],"predecessor-version":[{"id":2886,"href":"https:\/\/gstransfer.com.br\/blog\/wp-json\/wp\/v2\/posts\/2375\/revisions\/2886"}],"wp:featuredmedia":[{"embeddable":true,"href":"https:\/\/gstransfer.com.br\/blog\/wp-json\/wp\/v2\/media\/2376"}],"wp:attachment":[{"href":"https:\/\/gstransfer.com.br\/blog\/wp-json\/wp\/v2\/media?parent=2375"}],"wp:term":[{"taxonomy":"category","embeddable":true,"href":"https:\/\/gstransfer.com.br\/blog\/wp-json\/wp\/v2\/categories?post=2375"},{"taxonomy":"post_tag","embeddable":true,"href":"https:\/\/gstransfer.com.br\/blog\/wp-json\/wp\/v2\/tags?post=2375"}],"curies":[{"name":"wp","href":"https:\/\/api.w.org\/{rel}","templated":true}]}}