{"id":2485,"date":"2026-07-30T10:30:10","date_gmt":"2026-07-30T13:30:10","guid":{"rendered":"https:\/\/gstransfer.com.br\/blog\/?p=2485"},"modified":"2026-08-19T13:58:16","modified_gmt":"2026-08-19T16:58:16","slug":"eventos-sao-paulo-expo-setembro-2026","status":"publish","type":"post","link":"https:\/\/gstransfer.com.br\/blog\/expo\/eventos-sao-paulo-expo-setembro-2026\/","title":{"rendered":"Eventos no S\u00e3o Paulo Expo em Setembro de 2026 | GS Transfer"},"content":{"rendered":"<h1><strong>Eventos no S\u00e3o Paulo Expo em Setembro de 2026<\/strong><\/h1>\n<p>Agenda oficial atualizada, planejamento log\u00edstico e transporte executivo<\/p>\n<figure id=\"attachment_3028\" aria-describedby=\"caption-attachment-3028\" style=\"width: 300px\" class=\"wp-caption aligncenter\"><img fetchpriority=\"high\" decoding=\"async\" class=\"size-medium wp-image-3028\" src=\"https:\/\/gstransfer.com.br\/blog\/wp-content\/uploads\/2026\/07\/eventos-sao-paulo-expo-setembro-2026-gs-transfer-300x169.webp\" alt=\"Transporte executivo para eventos no S\u00e3o Paulo Expo em setembro de 2026\" width=\"300\" height=\"169\" srcset=\"https:\/\/gstransfer.com.br\/blog\/wp-content\/uploads\/2026\/07\/eventos-sao-paulo-expo-setembro-2026-gs-transfer-300x169.webp 300w, https:\/\/gstransfer.com.br\/blog\/wp-content\/uploads\/2026\/07\/eventos-sao-paulo-expo-setembro-2026-gs-transfer-1024x576.webp 1024w, https:\/\/gstransfer.com.br\/blog\/wp-content\/uploads\/2026\/07\/eventos-sao-paulo-expo-setembro-2026-gs-transfer-768x432.webp 768w, https:\/\/gstransfer.com.br\/blog\/wp-content\/uploads\/2026\/07\/eventos-sao-paulo-expo-setembro-2026-gs-transfer-1536x864.webp 1536w, https:\/\/gstransfer.com.br\/blog\/wp-content\/uploads\/2026\/07\/eventos-sao-paulo-expo-setembro-2026-gs-transfer.webp 1672w\" sizes=\"(max-width: 300px) 100vw, 300px\" \/><figcaption id=\"caption-attachment-3028\" class=\"wp-caption-text\">Transporte executivo privativo para empresas, executivos, expositores e grupos durante os eventos no S\u00e3o Paulo Expo.<\/figcaption><\/figure>\n<h1>Eventos no S\u00e3o Paulo Expo em Setembro de 2026: Agenda e Transporte Executivo<\/h1>\n<p>Os eventos no S\u00e3o Paulo Expo em setembro de 2026 re\u00fanem feiras profissionais dos setores de combust\u00edveis, constru\u00e7\u00e3o, sa\u00fade, com\u00e9rcio internacional e n\u00e1utica. Para empresas, expositores, executivos e grupos, a agenda exige aten\u00e7\u00e3o aos hor\u00e1rios de chegada, credenciamento, reuni\u00f5es e retorno. Por isso, organizar o transporte executivo com anteced\u00eancia ajuda a integrar hotel, empresa, pavilh\u00e3o e aeroporto de origem ou destino do passageiro sem improvisos.<\/p>\n<p>A equipe revisou este guia em 6 de agosto de 2026 com base na agenda vigente do S\u00e3o Paulo Expo e nas p\u00e1ginas oficiais dos organizadores. Al\u00e9m disso, como calend\u00e1rios e acessos podem mudar, a GS Transfer recomenda reconfirmar os dados perto da data do atendimento.<\/p>\n<h2>Resposta direta: quais s\u00e3o os eventos no S\u00e3o Paulo Expo em setembro de 2026?<\/h2>\n<p>Na agenda oficial consultada em 6 de agosto de 2026, est\u00e3o confirmados ExpoPostos &amp; Conveni\u00eancia, FESQUA, HIS \u2013 Healthcare Innovation Show, China Homelife Machinex e S\u00e3o Paulo Boat Show. Portanto, as atividades come\u00e7am em 8 de setembro e seguem at\u00e9 29 de setembro. Al\u00e9m disso, dois per\u00edodos t\u00eam eventos simult\u00e2neos: 9 e 10 de setembro, com ExpoPostos e FESQUA, e 16 e 17 de setembro, com HIS e China Homelife Machinex.<\/p>\n<h2>Principais pontos para planejar setembro no S\u00e3o Paulo Expo<\/h2>\n<ul>\n<li>Confirme data, hor\u00e1rio e pavilh\u00e3o diretamente com o organizador antes do atendimento.<\/li>\n<li>Defina o hor\u00e1rio em que o passageiro precisa estar dentro do evento, n\u00e3o apenas a hora de sa\u00edda.<\/li>\n<li>Organize passageiros por endere\u00e7o, hor\u00e1rio, bagagens e compromissos paralelos.<\/li>\n<li>Combine antecipadamente o ponto de encontro para o retorno.<\/li>\n<li>Nos dias com feiras simult\u00e2neas, planeje com maior anteced\u00eancia a categoria e a quantidade de ve\u00edculos.<\/li>\n<\/ul>\n<h2>Agenda oficial dos eventos no S\u00e3o Paulo Expo em setembro de 2026<\/h2>\n<p>A agenda abaixo re\u00fane as informa\u00e7\u00f5es confirmadas que mais influenciam a log\u00edstica. Por isso, quando o organizador n\u00e3o publica um hor\u00e1rio espec\u00edfico na p\u00e1gina consultada, o documento indica essa limita\u00e7\u00e3o em vez de presumir um per\u00edodo de funcionamento.<\/p>\n<table>\n<thead>\n<tr>\n<td width=\"192\"><strong>Evento<\/strong><\/td>\n<td width=\"86\"><strong>Datas<\/strong><\/td>\n<td width=\"240\"><strong>Hor\u00e1rios publicados<\/strong><\/td>\n<td width=\"130\"><strong>Fonte<\/strong><\/td>\n<\/tr>\n<\/thead>\n<tbody>\n<tr>\n<td width=\"192\"><strong>ExpoPostos &amp; Conveni\u00eancia<\/strong><\/td>\n<td width=\"86\">8 a 10\/set<\/td>\n<td width=\"240\">Feira: 13h\u201321h | F\u00f3rum: 8h30\u201313h30<\/td>\n<td width=\"130\">ExpoPostos \/ S\u00e3o Paulo Expo<\/td>\n<\/tr>\n<tr>\n<td width=\"192\"><strong>FESQUA<\/strong><\/td>\n<td width=\"86\">9 a 12\/set<\/td>\n<td width=\"240\">Qua\u2013sex: 13h\u201320h | S\u00e1b: 11h\u201318h<\/td>\n<td width=\"130\">FESQUA \/ S\u00e3o Paulo Expo<\/td>\n<\/tr>\n<tr>\n<td width=\"192\"><strong>HIS<\/strong><\/td>\n<td width=\"86\">16 e 17\/set<\/td>\n<td width=\"240\">9h\u201318h<\/td>\n<td width=\"130\">HIS \/ S\u00e3o Paulo Expo<\/td>\n<\/tr>\n<tr>\n<td width=\"192\"><strong>China Homelife Machinex<\/strong><\/td>\n<td width=\"86\">16 a 18\/set<\/td>\n<td width=\"240\">Agenda do pavilh\u00e3o: dia todo<\/td>\n<td width=\"130\">S\u00e3o Paulo Expo<\/td>\n<\/tr>\n<tr>\n<td width=\"192\"><strong>S\u00e3o Paulo Boat Show<\/strong><\/td>\n<td width=\"86\">24 a 29\/set<\/td>\n<td width=\"240\">24\/9: 15h\u201322h | 25\u201328\/9: 13h\u201322h | 29\/9: 13h\u201321h<\/td>\n<td width=\"130\">Boat Show \/ S\u00e3o Paulo Expo<\/td>\n<\/tr>\n<\/tbody>\n<\/table>\n<p>Fontes oficiais consultadas: <a href=\"https:\/\/www.saopauloexpo.com.br\/pt\/mec-category\/feira\/\">S\u00e3o Paulo Expo<\/a> | <a href=\"https:\/\/expopostos.com.br\/\">ExpoPostos<\/a> | <a href=\"https:\/\/fesqua.com.br\/local-e-data-visitantes\/\">FESQUA<\/a> | <a href=\"https:\/\/his.saudebusiness.com\/\">HIS<\/a> | <a href=\"https:\/\/saopauloboatshow.com.br\/quero-visitar\/\">S\u00e3o Paulo Boat Show<\/a><\/p>\n<h2>ExpoPostos &amp; Conveni\u00eancia: 8 a 10 de setembro<\/h2>\n<p>Entre os eventos no S\u00e3o Paulo Expo, a ExpoPostos &amp; Conveni\u00eancia re\u00fane empresas e profissionais ligados \u00e0 distribui\u00e7\u00e3o de combust\u00edveis, equipamentos, lojas de conveni\u00eancia, food service, servi\u00e7os e tecnologia. Al\u00e9m disso, a organiza\u00e7\u00e3o informa Feira de Neg\u00f3cios das 13h \u00e0s 21h e F\u00f3rum Internacional das 8h30 \u00e0s 13h30. Portanto, participantes do f\u00f3rum e visitantes da feira podem ter necessidades de chegada bastante diferentes no mesmo dia.<\/p>\n<p>Nos dias 9 e 10, a ExpoPostos coincide com a FESQUA. Assim, empresas que programarem reuni\u00f5es, recep\u00e7\u00e3o de convidados ou deslocamentos entre hotel, sede corporativa e pavilh\u00e3o devem trabalhar a partir do compromisso efetivo do passageiro. Portanto, o hor\u00e1rio de abertura da feira n\u00e3o deve ser a \u00fanica refer\u00eancia.<\/p>\n<h2>FESQUA: 9 a 12 de setembro<\/h2>\n<p>Na sequ\u00eancia dos eventos no S\u00e3o Paulo Expo, a FESQUA re\u00fane o mercado de esquadrias, ferragens, componentes e solu\u00e7\u00f5es relacionadas \u00e0 constru\u00e7\u00e3o. Al\u00e9m disso, o site oficial informa funcionamento de quarta a sexta-feira, das 13h \u00e0s 20h, e no s\u00e1bado, das 11h \u00e0s 18h. Dessa forma, o calend\u00e1rio cria perfis distintos de chegada durante a semana e no \u00faltimo dia.<\/p>\n<p>Para expositores, compradores e equipes t\u00e9cnicas, o roteiro pode incluir reuni\u00f5es, visitas a clientes, hotel e jantares corporativos. Al\u00e9m disso, quando existem v\u00e1rias paradas previstas, o servi\u00e7o com motorista profissional \u00e0 disposi\u00e7\u00e3o pode ser avaliado conforme o per\u00edodo, a quilometragem e os endere\u00e7os registrados na proposta.<\/p>\n<h2>HIS \u2013 Healthcare Innovation Show: 16 e 17 de setembro<\/h2>\n<p>Entre os eventos no S\u00e3o Paulo Expo de meados do m\u00eas, o HIS est\u00e1 confirmado para 16 e 17 de setembro, das 9h \u00e0s 18h. Al\u00e9m disso, o evento re\u00fane lideran\u00e7as, empresas, investidores e profissionais de tecnologia e inova\u00e7\u00e3o em sa\u00fade. Como palestras e reuni\u00f5es t\u00eam hor\u00e1rios definidos, o planejamento deve incluir margem para desembarque, credenciamento e deslocamento interno antes do compromisso.<\/p>\n<p>Al\u00e9m disso, o HIS coincide com a China Homelife Machinex nos dois dias. Por isso, essa simultaneidade refor\u00e7a a import\u00e2ncia de definir previamente ponto de embarque, contato respons\u00e1vel e hor\u00e1rio desejado de retorno.<\/p>\n<h2>China Homelife Machinex: 16 a 18 de setembro<\/h2>\n<p>A agenda de eventos no S\u00e3o Paulo Expo confirma a China Homelife Machinex de 16 a 18 de setembro, nos Pavilh\u00f5es 1 e 2. Por sua vez, a feira conecta fabricantes chineses e compradores em segmentos como constru\u00e7\u00e3o, eletr\u00f4nicos, casa, m\u00e1quinas, t\u00eaxteis e m\u00f3veis. Al\u00e9m disso, na p\u00e1gina do pavilh\u00e3o consultada, o evento aparece como atividade de dia todo; por isso, hor\u00e1rios detalhados devem ser confirmados diretamente com o organizador.<\/p>\n<p>Para compradores, delega\u00e7\u00f5es e visitantes internacionais, a cota\u00e7\u00e3o deve considerar idioma necess\u00e1rio, hot\u00e9is, passageiros, bagagens e reuni\u00f5es externas. Al\u00e9m disso, quando houver atendimento multil\u00edngue, a disponibilidade precisa ser confirmada para a opera\u00e7\u00e3o. Dessa forma, o recurso tamb\u00e9m deve constar na proposta aprovada.<\/p>\n<h2>S\u00e3o Paulo Boat Show: 24 a 29 de setembro<\/h2>\n<p>Fechando os eventos no S\u00e3o Paulo Expo previstos para o m\u00eas, o S\u00e3o Paulo Boat Show 2026 acontece de 24 a 29 de setembro. Nesse per\u00edodo, o organizador informa 15h \u00e0s 22h no primeiro dia, 13h \u00e0s 22h de 25 a 28 de setembro e 13h \u00e0s 21h no dia 29. Como boa parte da programa\u00e7\u00e3o termina \u00e0 noite, o retorno merece ser combinado antes do in\u00edcio do atendimento.<\/p>\n<p>Dependendo da agenda, o passageiro pode seguir do pavilh\u00e3o para hotel, resid\u00eancia, restaurante ou outro compromisso previsto. Portanto, a opera\u00e7\u00e3o deve refletir o itiner\u00e1rio real informado na contrata\u00e7\u00e3o, com pontos de encontro e hor\u00e1rios claramente definidos.<\/p>\n<h2>Como planejar transporte executivo para os eventos no S\u00e3o Paulo Expo<\/h2>\n<p>O planejamento dos eventos no S\u00e3o Paulo Expo deve come\u00e7ar pela agenda completa do passageiro. Assim, a equipe consegue escolher categoria, hor\u00e1rios e sequ\u00eancia de atendimento com base em informa\u00e7\u00f5es concretas, evitando ajustes que poderiam ter sido previstos na cota\u00e7\u00e3o.<\/p>\n<h3>1. Defina o hor\u00e1rio real de chegada ao evento<\/h3>\n<p>Primeiramente, informe quando o passageiro precisa estar dentro do pavilh\u00e3o. Em seguida, considere credenciamento, acesso interno e origem do embarque. Dessa forma, o cronograma deixa de depender apenas da dist\u00e2ncia nominal at\u00e9 o S\u00e3o Paulo Expo.<\/p>\n<h3>2. Integre aeroporto, hotel, empresa e pavilh\u00e3o<\/h3>\n<p>Visitantes podem chegar a S\u00e3o Paulo por Guarulhos, Congonhas ou Viracopos. Nesse caso, a GS Transfer pode organizar o atendimento entre o aeroporto e hotel, empresa, resid\u00eancia, evento ou outro destino previsto na proposta. Portanto, o roteiro deve sempre acompanhar a agenda efetiva do passageiro e n\u00e3o promove deslocamentos entre aeroportos.<\/p>\n<h3>3. Organize passageiros por endere\u00e7o e hor\u00e1rio<\/h3>\n<p>Equipes hospedadas em endere\u00e7os diferentes nem sempre devem compartilhar a mesma rota. Portanto, avalie localiza\u00e7\u00e3o, hor\u00e1rios, fun\u00e7\u00e3o dos participantes, quantidade de bagagens e materiais. Al\u00e9m disso, para grupos, esse diagn\u00f3stico ajuda a definir se a opera\u00e7\u00e3o pede van, micro-\u00f4nibus, \u00f4nibus ou m\u00faltiplos ve\u00edculos, conforme disponibilidade.<\/p>\n<h3>4. Escolha entre transfer por trecho e ve\u00edculo \u00e0 disposi\u00e7\u00e3o<\/h3>\n<p>O transfer por trecho funciona melhor quando origem, destino e hor\u00e1rio j\u00e1 est\u00e3o definidos. Por outro lado, o ve\u00edculo \u00e0 disposi\u00e7\u00e3o pode atender agendas com reuni\u00f5es externas, visitas t\u00e9cnicas ou v\u00e1rias paradas. Em ambos os casos, o contratante deve registrar previamente os endere\u00e7os e as condi\u00e7\u00f5es de uso na proposta.<\/p>\n<h3>5. Combine o retorno antes do encerramento<\/h3>\n<p>A sa\u00edda de feiras pode concentrar passageiros e ve\u00edculos em determinados per\u00edodos. Por isso, defina o ponto de encontro, o hor\u00e1rio ou janela combinada e o canal de contato antes do encerramento. Al\u00e9m disso, se a organiza\u00e7\u00e3o alterar acessos, a equipe pode atualizar as orienta\u00e7\u00f5es operacionais conforme as informa\u00e7\u00f5es dispon\u00edveis.<\/p>\n<h2>O que muda quando dois eventos acontecem no mesmo per\u00edodo?<\/h2>\n<p>Em setembro de 2026, ExpoPostos e FESQUA coincidem em 9 e 10 de setembro; HIS e China Homelife Machinex coincidem em 16 e 17. Entretanto, a simultaneidade n\u00e3o permite afirmar, antecipadamente, que haver\u00e1 congestionamento durante todo o dia. Por outro lado, ela aumenta o n\u00famero de agendas compartilhando o complexo e torna hor\u00e1rios e pontos de encontro ainda mais importantes.<\/p>\n<p>Para grupos, empresas e delega\u00e7\u00f5es, solicitar a proposta assim que a programa\u00e7\u00e3o estiver definida amplia as possibilidades de dimensionar o atendimento. Ainda assim, categoria, idioma e recursos espec\u00edficos dependem de confirma\u00e7\u00e3o de disponibilidade.<\/p>\n<h2>O que informar para receber uma cota\u00e7\u00e3o precisa<\/h2>\n<p>Para os eventos no S\u00e3o Paulo Expo, uma solicita\u00e7\u00e3o completa reduz idas e vindas e permite avaliar a opera\u00e7\u00e3o com mais precis\u00e3o. Informe:<\/p>\n<ul>\n<li>nome do evento e dias do atendimento;<\/li>\n<li>hor\u00e1rio em que cada passageiro precisa chegar ao compromisso;<\/li>\n<li>endere\u00e7os completos de embarque e destino;<\/li>\n<li>n\u00famero de passageiros e contato do respons\u00e1vel;<\/li>\n<li>quantidade e perfil das bagagens, materiais ou equipamentos;<\/li>\n<li>dados do voo e terminal, quando houver atendimento aeroportu\u00e1rio;<\/li>\n<li>necessidade de atendimento multil\u00edngue, quando aplic\u00e1vel;<\/li>\n<li>reuni\u00f5es, visitas t\u00e9cnicas, jantares e outras paradas previstas;<\/li>\n<li>necessidade de ve\u00edculo \u00e0 disposi\u00e7\u00e3o ou de m\u00faltiplos ve\u00edculos;<\/li>\n<li>dados de faturamento, quando a contrata\u00e7\u00e3o for corporativa.<\/li>\n<\/ul>\n<h2>Transporte executivo para eventos no S\u00e3o Paulo Expo com a GS Transfer<\/h2>\n<p>A GS Transfer atua com transporte executivo privativo para empresas, executivos, visitantes internacionais, eventos e grupos. Cada solicita\u00e7\u00e3o considera itiner\u00e1rio, hor\u00e1rios, passageiros, bagagens e necessidades espec\u00edficas informadas pelo contratante. Dessa forma, a estrutura operacional re\u00fane ve\u00edculos pr\u00f3prios e rede parceira credenciada sem tratar a rede como disponibilidade simult\u00e2nea.<\/p>\n<p>Conforme a opera\u00e7\u00e3o, a equipe pode avaliar sedans, SUVs, vans, micro-\u00f4nibus, \u00f4nibus e categorias blindadas, sempre sujeitas \u00e0 disponibilidade e \u00e0 proposta aprovada. O planejamento tamb\u00e9m pode incluir atendimento aeroportu\u00e1rio, ve\u00edculo \u00e0 disposi\u00e7\u00e3o, grupos e suporte operacional.<\/p>\n<p>Para aprofundar o planejamento do local, consulte o <a href=\"https:\/\/gstransfer.com.br\/blog\/expo\/transporte-executivo-para-o-sao-paulo-expo-como-planejar-sua-operacao\/\">guia de transporte executivo para o S\u00e3o Paulo Expo<\/a>.<\/p>\n<p>Para opera\u00e7\u00f5es com visitantes estrangeiros, veja tamb\u00e9m <a href=\"https:\/\/gstransfer.com.br\/blog\/experiencias\/como-receber-executivos-internacionais-sao-paulo\/\">como receber executivos internacionais em S\u00e3o Paulo<\/a>.<\/p>\n<h2>Perguntas frequentes sobre os eventos no S\u00e3o Paulo Expo<\/h2>\n<h3>Quais eventos est\u00e3o confirmados no S\u00e3o Paulo Expo em setembro de 2026?<\/h3>\n<p>Em 6 de agosto de 2026, a agenda oficial consultada listava ExpoPostos &amp; Conveni\u00eancia, FESQUA, HIS, China Homelife Machinex e S\u00e3o Paulo Boat Show. Portanto, como a programa\u00e7\u00e3o pode mudar, confirme novamente com o S\u00e3o Paulo Expo ou com o organizador antes da viagem.<\/p>\n<h3>Quais dias t\u00eam eventos simult\u00e2neos no S\u00e3o Paulo Expo?<\/h3>\n<p>ExpoPostos e FESQUA coincidem em 9 e 10 de setembro. HIS e China Homelife Machinex coincidem em 16 e 17 de setembro. Por isso, esses per\u00edodos merecem aten\u00e7\u00e3o adicional ao planejamento de hor\u00e1rios e pontos de encontro.<\/p>\n<h3>\u00c9 poss\u00edvel contratar somente a ida ou o retorno do evento?<\/h3>\n<p>Sim. O atendimento pode contemplar um trecho, ida e volta ou ve\u00edculo com motorista profissional \u00e0 disposi\u00e7\u00e3o. O formato depende do itiner\u00e1rio, do per\u00edodo contratado e da disponibilidade operacional.<\/p>\n<h3>A GS Transfer atende grupos e delega\u00e7\u00f5es?<\/h3>\n<p>Sim. A opera\u00e7\u00e3o pode avaliar vans, micro-\u00f4nibus, \u00f4nibus ou m\u00faltiplos ve\u00edculos. O dimensionamento considera passageiros, bagagens, materiais, hor\u00e1rios, endere\u00e7os e disponibilidade para a data solicitada.<\/p>\n<h3>Como organizar passageiros que chegam de avi\u00e3o?<\/h3>\n<p>Informe aeroporto, n\u00famero do voo, terminal, hor\u00e1rio previsto, bagagens e destino do passageiro. O atendimento aeroportu\u00e1rio pode conectar Guarulhos, Congonhas ou Viracopos ao hotel, empresa, resid\u00eancia ou S\u00e3o Paulo Expo, conforme o roteiro contratado.<\/p>\n<h3>Atendimento multil\u00edngue precisa ser solicitado antes?<\/h3>\n<p>Sim. Informe a necessidade lingu\u00edstica durante a cota\u00e7\u00e3o. A GS Transfer confirma a disponibilidade para cada atendimento, e o recurso deve constar na proposta aprovada.<\/p>\n<h2>Planeje os eventos no S\u00e3o Paulo Expo com anteced\u00eancia<\/h2>\n<p>Os eventos no S\u00e3o Paulo Expo em setembro de 2026 concentram diferentes p\u00fablicos e dois per\u00edodos de feiras simult\u00e2neas. Portanto, reunir agenda, endere\u00e7os, passageiros, hor\u00e1rios e bagagens antes da contrata\u00e7\u00e3o facilita uma opera\u00e7\u00e3o coerente com os compromissos do grupo.<\/p>\n<p><a href=\"https:\/\/gstransfer.com.br\/orcamento\/\">Solicite um or\u00e7amento personalizado com a GS Transfer<\/a>. Informe origem, destino, data, hor\u00e1rios, passageiros e bagagens. WhatsApp: (11) 2737-2681 | orcamento@gstransfer.com.br<\/p>\n","protected":false},"excerpt":{"rendered":"<p>Eventos no S\u00e3o Paulo Expo em Setembro de 2026 Agenda oficial atualizada, planejamento log\u00edstico e transporte executivo Eventos no S\u00e3o Paulo Expo em Setembro de 2026: Agenda e Transporte Executivo Os eventos no S\u00e3o Paulo Expo em setembro de 2026 re\u00fanem feiras profissionais dos setores de combust\u00edveis, constru\u00e7\u00e3o, sa\u00fade, com\u00e9rcio internacional e n\u00e1utica. Para empresas, [&hellip;]<\/p>\n","protected":false},"author":1,"featured_media":3028,"comment_status":"open","ping_status":"open","sticky":false,"template":"","format":"standard","meta":{"footnotes":""},"categories":[318],"tags":[257,816,853,854,451,346,168,94,665,88,855,288,292],"class_list":["post-2485","post","type-post","status-publish","format-standard","has-post-thumbnail","hentry","category-expo","tag-eventos-corporativos","tag-eventos-em-setembro-de-2026","tag-eventos-no-sao-paulo-expo","tag-eventos-setembro-2026","tag-feiras-em-sao-paulo","tag-motorista-executivo","tag-sao-paulo-expo","tag-transfer-gru","tag-transfer-sao-paulo-expo","tag-transporte-executivo","tag-transporte-executivo-sao-paulo-expo","tag-transporte-para-eventos","tag-transporte-vip"],"yoast_head":"<!-- This site is optimized with the Yoast SEO Premium plugin v28.1 (Yoast SEO v28.4) - https:\/\/yoast.com\/product\/yoast-seo-premium-wordpress\/ -->\n<title>Eventos no S\u00e3o Paulo Expo em Setembro de 2026 | GS Transfer &#183; Blog da GS Transfer<\/title>\n<meta name=\"description\" content=\"Eventos no S\u00e3o Paulo Expo em setembro de 2026: confira datas, hor\u00e1rios e planeje seu transporte executivo privativo com a GS Transfer.\" \/>\n<meta name=\"robots\" content=\"index, follow, max-snippet:-1, max-image-preview:large, max-video-preview:-1\" \/>\n<link rel=\"canonical\" href=\"https:\/\/gstransfer.com.br\/blog\/expo\/eventos-sao-paulo-expo-setembro-2026\/\" \/>\n<meta property=\"og:locale\" content=\"pt_BR\" \/>\n<meta property=\"og:type\" content=\"article\" \/>\n<meta property=\"og:title\" content=\"Eventos no S\u00e3o Paulo Expo em Setembro de 2026 | GS Transfer\" \/>\n<meta property=\"og:description\" content=\"Eventos no S\u00e3o Paulo Expo em Setembro de 2026 Agenda oficial atualizada, planejamento log\u00edstico e transporte executivo Eventos no S\u00e3o Paulo Expo em\" \/>\n<meta property=\"og:url\" content=\"https:\/\/gstransfer.com.br\/blog\/expo\/eventos-sao-paulo-expo-setembro-2026\/\" \/>\n<meta property=\"og:site_name\" content=\"Blog da GS Transfer\" \/>\n<meta property=\"article:publisher\" content=\"https:\/\/pt-br.facebook.com\/gstransferSP\/\" \/>\n<meta property=\"article:published_time\" content=\"2026-07-30T13:30:10+00:00\" \/>\n<meta property=\"article:modified_time\" content=\"2026-08-19T16:58:16+00:00\" \/>\n<meta property=\"og:image\" content=\"https:\/\/gstransfer.com.br\/blog\/wp-content\/uploads\/2026\/07\/eventos-sao-paulo-expo-setembro-2026-gs-transfer.webp\" \/>\n\t<meta property=\"og:image:width\" content=\"1672\" \/>\n\t<meta property=\"og:image:height\" content=\"941\" \/>\n\t<meta property=\"og:image:type\" content=\"image\/webp\" \/>\n<meta name=\"author\" content=\"GS Transfer\" \/>\n<meta name=\"twitter:card\" content=\"summary_large_image\" \/>\n<meta name=\"twitter:label1\" content=\"Escrito por\" \/>\n\t<meta name=\"twitter:data1\" content=\"GS Transfer\" \/>\n\t<meta name=\"twitter:label2\" content=\"Est. tempo de leitura\" \/>\n\t<meta name=\"twitter:data2\" content=\"12 minutos\" \/>\n<script type=\"application\/ld+json\" class=\"yoast-schema-graph\">{\"@context\":\"https:\\\/\\\/schema.org\",\"@graph\":[{\"@type\":[\"Article\",\"BlogPosting\"],\"@id\":\"https:\\\/\\\/gstransfer.com.br\\\/blog\\\/expo\\\/eventos-sao-paulo-expo-setembro-2026\\\/#article\",\"isPartOf\":{\"@id\":\"https:\\\/\\\/gstransfer.com.br\\\/blog\\\/expo\\\/eventos-sao-paulo-expo-setembro-2026\\\/\"},\"author\":{\"name\":\"GS Transfer\",\"@id\":\"https:\\\/\\\/gstransfer.com.br\\\/blog\\\/#\\\/schema\\\/person\\\/cd30e1da5de5f7e9ddc9d80552b26dda\"},\"headline\":\"Eventos no S\u00e3o Paulo Expo em Setembro de 2026 | GS Transfer\",\"datePublished\":\"2026-07-30T13:30:10+00:00\",\"dateModified\":\"2026-08-19T16:58:16+00:00\",\"mainEntityOfPage\":{\"@id\":\"https:\\\/\\\/gstransfer.com.br\\\/blog\\\/expo\\\/eventos-sao-paulo-expo-setembro-2026\\\/\"},\"wordCount\":2245,\"commentCount\":0,\"publisher\":{\"@id\":\"https:\\\/\\\/gstransfer.com.br\\\/blog\\\/#organization\"},\"image\":{\"@id\":\"https:\\\/\\\/gstransfer.com.br\\\/blog\\\/expo\\\/eventos-sao-paulo-expo-setembro-2026\\\/#primaryimage\"},\"thumbnailUrl\":\"https:\\\/\\\/gstransfer.com.br\\\/blog\\\/wp-content\\\/uploads\\\/2026\\\/07\\\/eventos-sao-paulo-expo-setembro-2026-gs-transfer.webp\",\"keywords\":[\"eventos corporativos\",\"eventos em setembro de 2026\",\"eventos no S\u00e3o Paulo Expo\",\"eventos setembro 2026\",\"feiras em S\u00e3o Paulo\",\"Motorista Executivo\",\"S\u00e3o Paulo Expo\",\"Transfer GRU\",\"transfer S\u00e3o Paulo Expo\",\"Transporte executivo\",\"transporte executivo S\u00e3o Paulo Expo\",\"transporte para eventos\",\"transporte VIP\"],\"articleSection\":[\"Expo\"],\"inLanguage\":\"pt-BR\",\"potentialAction\":[{\"@type\":\"CommentAction\",\"name\":\"Comment\",\"target\":[\"https:\\\/\\\/gstransfer.com.br\\\/blog\\\/expo\\\/eventos-sao-paulo-expo-setembro-2026\\\/#respond\"]}]},{\"@type\":\"WebPage\",\"@id\":\"https:\\\/\\\/gstransfer.com.br\\\/blog\\\/expo\\\/eventos-sao-paulo-expo-setembro-2026\\\/\",\"url\":\"https:\\\/\\\/gstransfer.com.br\\\/blog\\\/expo\\\/eventos-sao-paulo-expo-setembro-2026\\\/\",\"name\":\"Eventos no S\u00e3o Paulo Expo em Setembro de 2026 | GS Transfer &#183; Blog da GS Transfer\",\"isPartOf\":{\"@id\":\"https:\\\/\\\/gstransfer.com.br\\\/blog\\\/#website\"},\"primaryImageOfPage\":{\"@id\":\"https:\\\/\\\/gstransfer.com.br\\\/blog\\\/expo\\\/eventos-sao-paulo-expo-setembro-2026\\\/#primaryimage\"},\"image\":{\"@id\":\"https:\\\/\\\/gstransfer.com.br\\\/blog\\\/expo\\\/eventos-sao-paulo-expo-setembro-2026\\\/#primaryimage\"},\"thumbnailUrl\":\"https:\\\/\\\/gstransfer.com.br\\\/blog\\\/wp-content\\\/uploads\\\/2026\\\/07\\\/eventos-sao-paulo-expo-setembro-2026-gs-transfer.webp\",\"datePublished\":\"2026-07-30T13:30:10+00:00\",\"dateModified\":\"2026-08-19T16:58:16+00:00\",\"description\":\"Eventos no S\u00e3o Paulo Expo em setembro de 2026: confira datas, hor\u00e1rios e planeje seu transporte executivo privativo com a GS Transfer.\",\"breadcrumb\":{\"@id\":\"https:\\\/\\\/gstransfer.com.br\\\/blog\\\/expo\\\/eventos-sao-paulo-expo-setembro-2026\\\/#breadcrumb\"},\"inLanguage\":\"pt-BR\",\"potentialAction\":[{\"@type\":\"ReadAction\",\"target\":[\"https:\\\/\\\/gstransfer.com.br\\\/blog\\\/expo\\\/eventos-sao-paulo-expo-setembro-2026\\\/\"]}]},{\"@type\":\"ImageObject\",\"inLanguage\":\"pt-BR\",\"@id\":\"https:\\\/\\\/gstransfer.com.br\\\/blog\\\/expo\\\/eventos-sao-paulo-expo-setembro-2026\\\/#primaryimage\",\"url\":\"https:\\\/\\\/gstransfer.com.br\\\/blog\\\/wp-content\\\/uploads\\\/2026\\\/07\\\/eventos-sao-paulo-expo-setembro-2026-gs-transfer.webp\",\"contentUrl\":\"https:\\\/\\\/gstransfer.com.br\\\/blog\\\/wp-content\\\/uploads\\\/2026\\\/07\\\/eventos-sao-paulo-expo-setembro-2026-gs-transfer.webp\",\"width\":1672,\"height\":941,\"caption\":\"Transporte executivo privativo para empresas, executivos, expositores e grupos durante os eventos no S\u00e3o Paulo Expo.\"},{\"@type\":\"BreadcrumbList\",\"@id\":\"https:\\\/\\\/gstransfer.com.br\\\/blog\\\/expo\\\/eventos-sao-paulo-expo-setembro-2026\\\/#breadcrumb\",\"itemListElement\":[{\"@type\":\"ListItem\",\"position\":1,\"name\":\"In\u00edcio\",\"item\":\"https:\\\/\\\/gstransfer.com.br\\\/blog\\\/\"},{\"@type\":\"ListItem\",\"position\":2,\"name\":\"Expo\",\"item\":\"https:\\\/\\\/gstransfer.com.br\\\/blog\\\/categorias\\\/expo\\\/\"},{\"@type\":\"ListItem\",\"position\":3,\"name\":\"Eventos no S\u00e3o Paulo Expo em Setembro de 2026 | GS Transfer\"}]},{\"@type\":\"WebSite\",\"@id\":\"https:\\\/\\\/gstransfer.com.br\\\/blog\\\/#website\",\"url\":\"https:\\\/\\\/gstransfer.com.br\\\/blog\\\/\",\"name\":\"Blog da GS Transfer\",\"description\":\"Dicas de Viagem e Transporte Executivo em SP\",\"publisher\":{\"@id\":\"https:\\\/\\\/gstransfer.com.br\\\/blog\\\/#organization\"},\"alternateName\":\"Blog GS Transfer\",\"potentialAction\":[{\"@type\":\"SearchAction\",\"target\":{\"@type\":\"EntryPoint\",\"urlTemplate\":\"https:\\\/\\\/gstransfer.com.br\\\/blog\\\/?s={search_term_string}\"},\"query-input\":{\"@type\":\"PropertyValueSpecification\",\"valueRequired\":true,\"valueName\":\"search_term_string\"}}],\"inLanguage\":\"pt-BR\"},{\"@type\":\"Organization\",\"@id\":\"https:\\\/\\\/gstransfer.com.br\\\/blog\\\/#organization\",\"name\":\"Blog GS Transfer\",\"alternateName\":\"Blog da GS Transfer\",\"url\":\"https:\\\/\\\/gstransfer.com.br\\\/blog\\\/\",\"logo\":{\"@type\":\"ImageObject\",\"inLanguage\":\"pt-BR\",\"@id\":\"https:\\\/\\\/gstransfer.com.br\\\/blog\\\/#\\\/schema\\\/logo\\\/image\\\/\",\"url\":\"https:\\\/\\\/gstransfer.com.br\\\/blog\\\/wp-content\\\/uploads\\\/2026\\\/07\\\/696x696.png\",\"contentUrl\":\"https:\\\/\\\/gstransfer.com.br\\\/blog\\\/wp-content\\\/uploads\\\/2026\\\/07\\\/696x696.png\",\"width\":696,\"height\":696,\"caption\":\"Blog GS Transfer\"},\"image\":{\"@id\":\"https:\\\/\\\/gstransfer.com.br\\\/blog\\\/#\\\/schema\\\/logo\\\/image\\\/\"},\"sameAs\":[\"https:\\\/\\\/pt-br.facebook.com\\\/gstransferSP\\\/\",\"https:\\\/\\\/www.instagram.com\\\/gstransfersp\",\"https:\\\/\\\/www.tripadvisor.com.br\\\/Attraction_Review-g303631-d17466444-Reviews-GS_Transfer_Transporte_Executivo-Sao_Paulo_State_of_Sao_Paulo.html\",\"https:\\\/\\\/br.linkedin.com\\\/company\\\/gs-transfer-e-turismo\"],\"description\":\"A GS Transfer \u00e9 uma empresa de transporte executivo com 10 anos de atua\u00e7\u00e3o em S\u00e3o Paulo e regi\u00e3o, e mais de 42.000 atendimentos realizados. Oferece traslados para aeroportos (Guarulhos, Congonhas e Viracopos), eventos corporativos, feiras, shows e viagens para o litoral e interior, com frota completa \u2014 pr\u00f3pria e rede de parceiros credenciados \u2014 que atende todas as categorias: sedans, ve\u00edculos de luxo, SUVs, blindados, vans, micro-\u00f4nibus e \u00f4nibus executivos. Conta com motoristas profissionais e bil\u00edngues, atendimento 24 horas e monitoramento em tempo real. \u00c9 recomendada no TripAdvisor e registrada no Cadastur.\",\"email\":\"contato@gstransfer.com.br\",\"telephone\":\"+55 (11) 2737-2681\",\"legalName\":\"GS Transfer\",\"foundingDate\":\"2016-07-01\",\"vatID\":\"24.763.257\\\/0001-63\",\"numberOfEmployees\":{\"@type\":\"QuantitativeValue\",\"minValue\":\"1\",\"maxValue\":\"10\"}},{\"@type\":\"Person\",\"@id\":\"https:\\\/\\\/gstransfer.com.br\\\/blog\\\/#\\\/schema\\\/person\\\/cd30e1da5de5f7e9ddc9d80552b26dda\",\"name\":\"GS Transfer\",\"image\":{\"@type\":\"ImageObject\",\"inLanguage\":\"pt-BR\",\"@id\":\"https:\\\/\\\/secure.gravatar.com\\\/avatar\\\/c5da0af1f163431fd615f7efecc5a090b3c62787f27e904ee19625ee23767c79?s=96&d=mm&r=g\",\"url\":\"https:\\\/\\\/secure.gravatar.com\\\/avatar\\\/c5da0af1f163431fd615f7efecc5a090b3c62787f27e904ee19625ee23767c79?s=96&d=mm&r=g\",\"contentUrl\":\"https:\\\/\\\/secure.gravatar.com\\\/avatar\\\/c5da0af1f163431fd615f7efecc5a090b3c62787f27e904ee19625ee23767c79?s=96&d=mm&r=g\",\"caption\":\"GS Transfer\"}}]}<\/script>\n<!-- \/ Yoast SEO Premium plugin. -->","yoast_head_json":{"title":"Eventos no S\u00e3o Paulo Expo em Setembro de 2026 | GS Transfer &#183; Blog da GS Transfer","description":"Eventos no S\u00e3o Paulo Expo em setembro de 2026: confira datas, hor\u00e1rios e planeje seu transporte executivo privativo com a GS Transfer.","robots":{"index":"index","follow":"follow","max-snippet":"max-snippet:-1","max-image-preview":"max-image-preview:large","max-video-preview":"max-video-preview:-1"},"canonical":"https:\/\/gstransfer.com.br\/blog\/expo\/eventos-sao-paulo-expo-setembro-2026\/","og_locale":"pt_BR","og_type":"article","og_title":"Eventos no S\u00e3o Paulo Expo em Setembro de 2026 | GS Transfer","og_description":"Eventos no S\u00e3o Paulo Expo em Setembro de 2026 Agenda oficial atualizada, planejamento log\u00edstico e transporte executivo Eventos no S\u00e3o Paulo Expo em","og_url":"https:\/\/gstransfer.com.br\/blog\/expo\/eventos-sao-paulo-expo-setembro-2026\/","og_site_name":"Blog da GS Transfer","article_publisher":"https:\/\/pt-br.facebook.com\/gstransferSP\/","article_published_time":"2026-07-30T13:30:10+00:00","article_modified_time":"2026-08-19T16:58:16+00:00","og_image":[{"width":1672,"height":941,"url":"https:\/\/gstransfer.com.br\/blog\/wp-content\/uploads\/2026\/07\/eventos-sao-paulo-expo-setembro-2026-gs-transfer.webp","type":"image\/webp"}],"author":"GS Transfer","twitter_card":"summary_large_image","twitter_misc":{"Escrito por":"GS Transfer","Est. tempo de leitura":"12 minutos"},"schema":{"@context":"https:\/\/schema.org","@graph":[{"@type":["Article","BlogPosting"],"@id":"https:\/\/gstransfer.com.br\/blog\/expo\/eventos-sao-paulo-expo-setembro-2026\/#article","isPartOf":{"@id":"https:\/\/gstransfer.com.br\/blog\/expo\/eventos-sao-paulo-expo-setembro-2026\/"},"author":{"name":"GS Transfer","@id":"https:\/\/gstransfer.com.br\/blog\/#\/schema\/person\/cd30e1da5de5f7e9ddc9d80552b26dda"},"headline":"Eventos no S\u00e3o Paulo Expo em Setembro de 2026 | GS Transfer","datePublished":"2026-07-30T13:30:10+00:00","dateModified":"2026-08-19T16:58:16+00:00","mainEntityOfPage":{"@id":"https:\/\/gstransfer.com.br\/blog\/expo\/eventos-sao-paulo-expo-setembro-2026\/"},"wordCount":2245,"commentCount":0,"publisher":{"@id":"https:\/\/gstransfer.com.br\/blog\/#organization"},"image":{"@id":"https:\/\/gstransfer.com.br\/blog\/expo\/eventos-sao-paulo-expo-setembro-2026\/#primaryimage"},"thumbnailUrl":"https:\/\/gstransfer.com.br\/blog\/wp-content\/uploads\/2026\/07\/eventos-sao-paulo-expo-setembro-2026-gs-transfer.webp","keywords":["eventos corporativos","eventos em setembro de 2026","eventos no S\u00e3o Paulo Expo","eventos setembro 2026","feiras em S\u00e3o Paulo","Motorista Executivo","S\u00e3o Paulo Expo","Transfer GRU","transfer S\u00e3o Paulo Expo","Transporte executivo","transporte executivo S\u00e3o Paulo Expo","transporte para eventos","transporte VIP"],"articleSection":["Expo"],"inLanguage":"pt-BR","potentialAction":[{"@type":"CommentAction","name":"Comment","target":["https:\/\/gstransfer.com.br\/blog\/expo\/eventos-sao-paulo-expo-setembro-2026\/#respond"]}]},{"@type":"WebPage","@id":"https:\/\/gstransfer.com.br\/blog\/expo\/eventos-sao-paulo-expo-setembro-2026\/","url":"https:\/\/gstransfer.com.br\/blog\/expo\/eventos-sao-paulo-expo-setembro-2026\/","name":"Eventos no S\u00e3o Paulo Expo em Setembro de 2026 | GS Transfer &#183; Blog da GS Transfer","isPartOf":{"@id":"https:\/\/gstransfer.com.br\/blog\/#website"},"primaryImageOfPage":{"@id":"https:\/\/gstransfer.com.br\/blog\/expo\/eventos-sao-paulo-expo-setembro-2026\/#primaryimage"},"image":{"@id":"https:\/\/gstransfer.com.br\/blog\/expo\/eventos-sao-paulo-expo-setembro-2026\/#primaryimage"},"thumbnailUrl":"https:\/\/gstransfer.com.br\/blog\/wp-content\/uploads\/2026\/07\/eventos-sao-paulo-expo-setembro-2026-gs-transfer.webp","datePublished":"2026-07-30T13:30:10+00:00","dateModified":"2026-08-19T16:58:16+00:00","description":"Eventos no S\u00e3o Paulo Expo em setembro de 2026: confira datas, hor\u00e1rios e planeje seu transporte executivo privativo com a GS Transfer.","breadcrumb":{"@id":"https:\/\/gstransfer.com.br\/blog\/expo\/eventos-sao-paulo-expo-setembro-2026\/#breadcrumb"},"inLanguage":"pt-BR","potentialAction":[{"@type":"ReadAction","target":["https:\/\/gstransfer.com.br\/blog\/expo\/eventos-sao-paulo-expo-setembro-2026\/"]}]},{"@type":"ImageObject","inLanguage":"pt-BR","@id":"https:\/\/gstransfer.com.br\/blog\/expo\/eventos-sao-paulo-expo-setembro-2026\/#primaryimage","url":"https:\/\/gstransfer.com.br\/blog\/wp-content\/uploads\/2026\/07\/eventos-sao-paulo-expo-setembro-2026-gs-transfer.webp","contentUrl":"https:\/\/gstransfer.com.br\/blog\/wp-content\/uploads\/2026\/07\/eventos-sao-paulo-expo-setembro-2026-gs-transfer.webp","width":1672,"height":941,"caption":"Transporte executivo privativo para empresas, executivos, expositores e grupos durante os eventos no S\u00e3o Paulo Expo."},{"@type":"BreadcrumbList","@id":"https:\/\/gstransfer.com.br\/blog\/expo\/eventos-sao-paulo-expo-setembro-2026\/#breadcrumb","itemListElement":[{"@type":"ListItem","position":1,"name":"In\u00edcio","item":"https:\/\/gstransfer.com.br\/blog\/"},{"@type":"ListItem","position":2,"name":"Expo","item":"https:\/\/gstransfer.com.br\/blog\/categorias\/expo\/"},{"@type":"ListItem","position":3,"name":"Eventos no S\u00e3o Paulo Expo em Setembro de 2026 | GS Transfer"}]},{"@type":"WebSite","@id":"https:\/\/gstransfer.com.br\/blog\/#website","url":"https:\/\/gstransfer.com.br\/blog\/","name":"Blog da GS Transfer","description":"Dicas de Viagem e Transporte Executivo em SP","publisher":{"@id":"https:\/\/gstransfer.com.br\/blog\/#organization"},"alternateName":"Blog GS Transfer","potentialAction":[{"@type":"SearchAction","target":{"@type":"EntryPoint","urlTemplate":"https:\/\/gstransfer.com.br\/blog\/?s={search_term_string}"},"query-input":{"@type":"PropertyValueSpecification","valueRequired":true,"valueName":"search_term_string"}}],"inLanguage":"pt-BR"},{"@type":"Organization","@id":"https:\/\/gstransfer.com.br\/blog\/#organization","name":"Blog GS Transfer","alternateName":"Blog da GS Transfer","url":"https:\/\/gstransfer.com.br\/blog\/","logo":{"@type":"ImageObject","inLanguage":"pt-BR","@id":"https:\/\/gstransfer.com.br\/blog\/#\/schema\/logo\/image\/","url":"https:\/\/gstransfer.com.br\/blog\/wp-content\/uploads\/2026\/07\/696x696.png","contentUrl":"https:\/\/gstransfer.com.br\/blog\/wp-content\/uploads\/2026\/07\/696x696.png","width":696,"height":696,"caption":"Blog GS Transfer"},"image":{"@id":"https:\/\/gstransfer.com.br\/blog\/#\/schema\/logo\/image\/"},"sameAs":["https:\/\/pt-br.facebook.com\/gstransferSP\/","https:\/\/www.instagram.com\/gstransfersp","https:\/\/www.tripadvisor.com.br\/Attraction_Review-g303631-d17466444-Reviews-GS_Transfer_Transporte_Executivo-Sao_Paulo_State_of_Sao_Paulo.html","https:\/\/br.linkedin.com\/company\/gs-transfer-e-turismo"],"description":"A GS Transfer \u00e9 uma empresa de transporte executivo com 10 anos de atua\u00e7\u00e3o em S\u00e3o Paulo e regi\u00e3o, e mais de 42.000 atendimentos realizados. Oferece traslados para aeroportos (Guarulhos, Congonhas e Viracopos), eventos corporativos, feiras, shows e viagens para o litoral e interior, com frota completa \u2014 pr\u00f3pria e rede de parceiros credenciados \u2014 que atende todas as categorias: sedans, ve\u00edculos de luxo, SUVs, blindados, vans, micro-\u00f4nibus e \u00f4nibus executivos. Conta com motoristas profissionais e bil\u00edngues, atendimento 24 horas e monitoramento em tempo real. \u00c9 recomendada no TripAdvisor e registrada no Cadastur.","email":"contato@gstransfer.com.br","telephone":"+55 (11) 2737-2681","legalName":"GS Transfer","foundingDate":"2016-07-01","vatID":"24.763.257\/0001-63","numberOfEmployees":{"@type":"QuantitativeValue","minValue":"1","maxValue":"10"}},{"@type":"Person","@id":"https:\/\/gstransfer.com.br\/blog\/#\/schema\/person\/cd30e1da5de5f7e9ddc9d80552b26dda","name":"GS Transfer","image":{"@type":"ImageObject","inLanguage":"pt-BR","@id":"https:\/\/secure.gravatar.com\/avatar\/c5da0af1f163431fd615f7efecc5a090b3c62787f27e904ee19625ee23767c79?s=96&d=mm&r=g","url":"https:\/\/secure.gravatar.com\/avatar\/c5da0af1f163431fd615f7efecc5a090b3c62787f27e904ee19625ee23767c79?s=96&d=mm&r=g","contentUrl":"https:\/\/secure.gravatar.com\/avatar\/c5da0af1f163431fd615f7efecc5a090b3c62787f27e904ee19625ee23767c79?s=96&d=mm&r=g","caption":"GS Transfer"}}]}},"_links":{"self":[{"href":"https:\/\/gstransfer.com.br\/blog\/wp-json\/wp\/v2\/posts\/2485","targetHints":{"allow":["GET"]}}],"collection":[{"href":"https:\/\/gstransfer.com.br\/blog\/wp-json\/wp\/v2\/posts"}],"about":[{"href":"https:\/\/gstransfer.com.br\/blog\/wp-json\/wp\/v2\/types\/post"}],"author":[{"embeddable":true,"href":"https:\/\/gstransfer.com.br\/blog\/wp-json\/wp\/v2\/users\/1"}],"replies":[{"embeddable":true,"href":"https:\/\/gstransfer.com.br\/blog\/wp-json\/wp\/v2\/comments?post=2485"}],"version-history":[{"count":7,"href":"https:\/\/gstransfer.com.br\/blog\/wp-json\/wp\/v2\/posts\/2485\/revisions"}],"predecessor-version":[{"id":3030,"href":"https:\/\/gstransfer.com.br\/blog\/wp-json\/wp\/v2\/posts\/2485\/revisions\/3030"}],"wp:featuredmedia":[{"embeddable":true,"href":"https:\/\/gstransfer.com.br\/blog\/wp-json\/wp\/v2\/media\/3028"}],"wp:attachment":[{"href":"https:\/\/gstransfer.com.br\/blog\/wp-json\/wp\/v2\/media?parent=2485"}],"wp:term":[{"taxonomy":"category","embeddable":true,"href":"https:\/\/gstransfer.com.br\/blog\/wp-json\/wp\/v2\/categories?post=2485"},{"taxonomy":"post_tag","embeddable":true,"href":"https:\/\/gstransfer.com.br\/blog\/wp-json\/wp\/v2\/tags?post=2485"}],"curies":[{"name":"wp","href":"https:\/\/api.w.org\/{rel}","templated":true}]}}