{"id":2490,"date":"2026-08-01T10:00:48","date_gmt":"2026-08-01T13:00:48","guid":{"rendered":"https:\/\/gstransfer.com.br\/blog\/?p=2490"},"modified":"2026-07-28T16:21:33","modified_gmt":"2026-07-28T19:21:33","slug":"transfer-gru-sao-paulo-expo","status":"publish","type":"post","link":"https:\/\/gstransfer.com.br\/blog\/expo\/transfer-gru-sao-paulo-expo\/","title":{"rendered":"Transfer GRU para S\u00e3o Paulo Expo | GS Transfer"},"content":{"rendered":"<figure id=\"attachment_2493\" aria-describedby=\"caption-attachment-2493\" style=\"width: 300px\" class=\"wp-caption aligncenter\"><img fetchpriority=\"high\" decoding=\"async\" class=\"size-medium wp-image-2493\" src=\"https:\/\/gstransfer.com.br\/blog\/wp-content\/uploads\/2026\/08\/ChatGPT-Image-6-de-jul.-de-2026-10_02_26-300x200.png\" alt=\"Transfer executivo entre GRU e S\u00e3o Paulo Expo para empresas, executivos e visitantes internacionais.\" width=\"300\" height=\"200\" srcset=\"https:\/\/gstransfer.com.br\/blog\/wp-content\/uploads\/2026\/08\/ChatGPT-Image-6-de-jul.-de-2026-10_02_26-300x200.png 300w, https:\/\/gstransfer.com.br\/blog\/wp-content\/uploads\/2026\/08\/ChatGPT-Image-6-de-jul.-de-2026-10_02_26-1024x683.png 1024w, https:\/\/gstransfer.com.br\/blog\/wp-content\/uploads\/2026\/08\/ChatGPT-Image-6-de-jul.-de-2026-10_02_26-768x512.png 768w, https:\/\/gstransfer.com.br\/blog\/wp-content\/uploads\/2026\/08\/ChatGPT-Image-6-de-jul.-de-2026-10_02_26.png 1536w\" sizes=\"(max-width: 300px) 100vw, 300px\" \/><figcaption id=\"caption-attachment-2493\" class=\"wp-caption-text\">Transfer executivo entre GRU e S\u00e3o Paulo Expo para empresas, executivos e visitantes internacionais.<\/figcaption><\/figure>\n<h1>Transfer GRU para S\u00e3o Paulo Expo: como planejar o transporte executivo<\/h1>\n<p>O transfer GRU para S\u00e3o Paulo Expo exige mais do que reservar um ve\u00edculo. Afinal, empresas, expositores e organizadores precisam coordenar hor\u00e1rio de pouso, desembarque, bagagens, tr\u00e2nsito, credenciamento e poss\u00edveis altera\u00e7\u00f5es na agenda. Quando esses fatores s\u00e3o planejados em conjunto, o deslocamento entre o Aeroporto Internacional de S\u00e3o Paulo\/Guarulhos e o centro de eventos se torna mais previs\u00edvel, confort\u00e1vel e compat\u00edvel com compromissos corporativos.<\/p>\n<h2>Transfer GRU para S\u00e3o Paulo Expo: resposta direta<\/h2>\n<p>Para organizar um transfer executivo entre GRU e o S\u00e3o Paulo Expo, informe o n\u00famero do voo, o terminal, a quantidade de passageiros e bagagens, o hor\u00e1rio do compromisso e se haver\u00e1 receptivo aeroportu\u00e1rio. Em seguida, a empresa de transporte deve avaliar a margem necess\u00e1ria para desembarque e tr\u00e2nsito, definir o ve\u00edculo adequado e acompanhar a opera\u00e7\u00e3o. Para equipes, delega\u00e7\u00f5es ou agendas com v\u00e1rios deslocamentos, tamb\u00e9m pode ser mais eficiente contratar uma van, um ve\u00edculo \u00e0 disposi\u00e7\u00e3o ou uma opera\u00e7\u00e3o coordenada com m\u00faltiplos ve\u00edculos.<\/p>\n<h2>O que definir antes de reservar o transfer GRU para S\u00e3o Paulo Expo<\/h2>\n<ul>\n<li>data, hor\u00e1rio e n\u00famero do voo;<\/li>\n<li>terminal de desembarque em GRU;<\/li>\n<li>origem nacional ou internacional do voo;<\/li>\n<li>quantidade de passageiros e perfil das bagagens;<\/li>\n<li>hor\u00e1rio de credenciamento, reuni\u00e3o ou abertura do evento;<\/li>\n<li>necessidade de receptivo aeroportu\u00e1rio;<\/li>\n<li>idioma necess\u00e1rio para o atendimento, conforme disponibilidade;<\/li>\n<li>transfer direto, parada em hotel ou ve\u00edculo \u00e0 disposi\u00e7\u00e3o;<\/li>\n<li>dados do respons\u00e1vel pela opera\u00e7\u00e3o e contato dos passageiros.<\/li>\n<\/ul>\n<h2>Por que o transfer GRU para S\u00e3o Paulo Expo exige planejamento?<\/h2>\n<p>GRU est\u00e1 localizado fora da capital, enquanto o S\u00e3o Paulo Expo fica na regi\u00e3o da \u00c1gua Funda, junto \u00e0 Rodovia dos Imigrantes. O percurso atravessa uma \u00e1rea metropolitana sujeita a varia\u00e7\u00f5es relevantes de tr\u00e2nsito. Hor\u00e1rio de pico, obras, acidentes, condi\u00e7\u00f5es clim\u00e1ticas e eventos simult\u00e2neos podem alterar o tempo de viagem.<\/p>\n<p>Al\u00e9m disso, o hor\u00e1rio de pouso n\u00e3o corresponde ao momento em que o passageiro estar\u00e1 pronto para sair do terminal. Em voos nacionais, ainda h\u00e1 o deslocamento at\u00e9 a restitui\u00e7\u00e3o de bagagens. J\u00e1 em voos internacionais, imigra\u00e7\u00e3o, retirada de malas e alf\u00e2ndega podem ampliar o intervalo entre o pouso e o embarque no ve\u00edculo.<\/p>\n<p>Por isso, o planejamento deve partir do hor\u00e1rio real do compromisso e trabalhar de tr\u00e1s para frente: hor\u00e1rio de chegada desejado ao pavilh\u00e3o, margem para credenciamento, estimativa de tr\u00e2nsito e tempo necess\u00e1rio para concluir o desembarque.<\/p>\n<h2>Quanto tempo leva o transfer de GRU para o S\u00e3o Paulo Expo?<\/h2>\n<p>N\u00e3o existe um tempo \u00fanico e seguro para todos os dias e hor\u00e1rios. Por isso, as estimativas divulgadas por mapas ou organizadores servem apenas como refer\u00eancia e podem mudar rapidamente. Em uma opera\u00e7\u00e3o corporativa, o c\u00e1lculo deve considerar as condi\u00e7\u00f5es previstas para a data, o per\u00edodo do deslocamento, o porte do evento e uma margem compat\u00edvel com a import\u00e2ncia do compromisso.<\/p>\n<p>Para compromissos com hor\u00e1rio r\u00edgido, programar a chegada ao S\u00e3o Paulo Expo exatamente no in\u00edcio da atividade aumenta o risco de atraso. O mais prudente \u00e9 prever tempo para desembarque no local, localiza\u00e7\u00e3o da entrada correta, retirada de credencial e deslocamento interno at\u00e9 o pavilh\u00e3o.<\/p>\n<h2>Como funciona o monitoramento do voo no transfer GRU\u2013S\u00e3o Paulo Expo?<\/h2>\n<p>Durante o transfer GRU para S\u00e3o Paulo Expo, o monitoramento permite acompanhar altera\u00e7\u00f5es p\u00fablicas no hor\u00e1rio de pouso e apoiar os ajustes operacionais do atendimento. Al\u00e9m disso, ele \u00e9 especialmente importante quando a empresa recebe executivos, clientes ou equipes que chegam em voos diferentes.<\/p>\n<p>Entretanto, acompanhar o voo n\u00e3o elimina a necessidade de definir corretamente o hor\u00e1rio solicitado nem substitui as condi\u00e7\u00f5es de espera previstas na proposta comercial. Atrasos de companhia a\u00e9rea, demora na imigra\u00e7\u00e3o, retirada de bagagens e sa\u00edda do passageiro s\u00e3o situa\u00e7\u00f5es diferentes e precisam ser tratadas de acordo com a opera\u00e7\u00e3o contratada.<\/p>\n<h2>Receptivo no transfer de GRU ao S\u00e3o Paulo Expo: entenda as fun\u00e7\u00f5es<\/h2>\n<p>Quando contratado, o receptivo aeroportu\u00e1rio \u00e9 realizado por um profissional dedicado \u00e0 recep\u00e7\u00e3o no desembarque. Assim, essa pessoa identifica o passageiro, orienta o encontro e mant\u00e9m contato com a coordena\u00e7\u00e3o e o motorista. Por sua vez, o motorista permanece respons\u00e1vel pelo ve\u00edculo e pelo deslocamento.<\/p>\n<p>Essa separa\u00e7\u00e3o \u00e9 especialmente \u00fatil em chegadas internacionais, grupos, m\u00faltiplos voos e opera\u00e7\u00f5es em que a empresa deseja receber convidados com identifica\u00e7\u00e3o personalizada. O servi\u00e7o deve ser solicitado no or\u00e7amento, pois n\u00e3o est\u00e1 automaticamente inclu\u00eddo em todo transfer.<\/p>\n<h2>Qual ve\u00edculo escolher para o transfer GRU\u2013S\u00e3o Paulo Expo?<\/h2>\n<p>A escolha para o transfer GRU\u2013S\u00e3o Paulo Expo deve considerar passageiros e bagagens ao mesmo tempo. Caso contr\u00e1rio, um ve\u00edculo adequado apenas ao n\u00famero de ocupantes pode se tornar incompat\u00edvel quando h\u00e1 malas grandes, materiais de exposi\u00e7\u00e3o, equipamentos ou volumes adicionais.<\/p>\n<h3>Ve\u00edculo executivo para o trajeto GRU\u2013S\u00e3o Paulo Expo<\/h3>\n<p>Indicado para passageiros individuais, duplas e pequenas agendas corporativas, desde que a capacidade seja compat\u00edvel com as bagagens. \u00c9 uma alternativa eficiente para executivos que seguir\u00e3o diretamente ao evento, hotel ou reuni\u00e3o.<\/p>\n<h3>SUV executivo no transfer para o S\u00e3o Paulo Expo<\/h3>\n<p>Por outro lado, o SUV pode oferecer mais espa\u00e7o interno e melhor acomoda\u00e7\u00e3o para determinados perfis de bagagem. Ainda assim, a disponibilidade da categoria e a capacidade adequada devem ser confirmadas no momento da cota\u00e7\u00e3o.<\/p>\n<h3>Van executiva para equipes e eventos no S\u00e3o Paulo Expo<\/h3>\n<p>A van executiva \u00e9 uma solu\u00e7\u00e3o frequente para equipes, delega\u00e7\u00f5es, palestrantes e grupos de expositores. Al\u00e9m de manter os participantes no mesmo cronograma, ela facilita a coordena\u00e7\u00e3o entre aeroporto, hotel, pavilh\u00e3o e compromissos externos.<\/p>\n<h3>Micro-\u00f4nibus ou \u00f4nibus para o transfer de grupos<\/h3>\n<p>Para grupos maiores, a opera\u00e7\u00e3o pode exigir micro-\u00f4nibus, \u00f4nibus ou uma combina\u00e7\u00e3o de ve\u00edculos. Nesses casos, \u00e9 importante definir respons\u00e1veis, lista de passageiros, distribui\u00e7\u00e3o por voos, pontos de encontro e sequ\u00eancia de embarque.<\/p>\n<h2>Transfer GRU\u2013S\u00e3o Paulo Expo direto ou ve\u00edculo \u00e0 disposi\u00e7\u00e3o?<\/h2>\n<table>\n<thead>\n<tr>\n<td width=\"144\"><strong>Modalidade<\/strong><\/td>\n<td width=\"240\"><strong>Mais indicada quando<\/strong><\/td>\n<td width=\"240\"><strong>Ponto de aten\u00e7\u00e3o<\/strong><\/td>\n<\/tr>\n<\/thead>\n<tbody>\n<tr>\n<td width=\"144\">Transfer<\/td>\n<td width=\"240\">H\u00e1 um \u00fanico deslocamento com origem e destino definidos.<\/td>\n<td width=\"240\">Altera\u00e7\u00f5es posteriores podem exigir reprograma\u00e7\u00e3o e nova disponibilidade.<\/td>\n<\/tr>\n<tr>\n<td width=\"144\">Ve\u00edculo \u00e0 disposi\u00e7\u00e3o<\/td>\n<td width=\"240\">A agenda inclui hotel, feira, reuni\u00f5es, almo\u00e7os, visitas ou jantares.<\/td>\n<td width=\"240\">\u00c9 necess\u00e1rio definir per\u00edodo contratado, roteiro e condi\u00e7\u00f5es de excedente.<\/td>\n<\/tr>\n<tr>\n<td width=\"144\">Opera\u00e7\u00e3o coordenada<\/td>\n<td width=\"240\">H\u00e1 v\u00e1rios voos, grupos ou ve\u00edculos simult\u00e2neos.<\/td>\n<td width=\"240\">Lista de passageiros, respons\u00e1veis e canais de comunica\u00e7\u00e3o devem estar centralizados.<\/td>\n<\/tr>\n<\/tbody>\n<\/table>\n<h2>Como coordenar o transfer para passageiros de voos diferentes<\/h2>\n<p>Opera\u00e7\u00f5es com m\u00faltiplos voos n\u00e3o devem ser tratadas como um \u00fanico desembarque sem an\u00e1lise. Isso porque diferen\u00e7as entre terminais, hor\u00e1rios, voos nacionais e internacionais e tempo de retirada de bagagens podem tornar invi\u00e1vel reunir todos os passageiros no mesmo embarque.<\/p>\n<p>A coordena\u00e7\u00e3o deve avaliar se os passageiros podem aguardar uns pelos outros, se haver\u00e1 receptivos adicionais, se ser\u00e1 necess\u00e1rio usar mais de um ve\u00edculo e qual ser\u00e1 o ponto de encontro. Esse planejamento evita que o atraso de um voo comprometa toda a agenda do grupo.<\/p>\n<h2>Erros no transfer GRU\u2013S\u00e3o Paulo Expo que aumentam o risco de atraso<\/h2>\n<ul>\n<li>informar apenas o hor\u00e1rio do pouso e n\u00e3o o n\u00famero do voo;<\/li>\n<li>ignorar imigra\u00e7\u00e3o, bagagens e alf\u00e2ndega em chegadas internacionais;<\/li>\n<li>escolher o ve\u00edculo somente pelo n\u00famero de passageiros;<\/li>\n<li>n\u00e3o informar materiais, malas grandes ou equipamentos;<\/li>\n<li>programar a chegada ao pavilh\u00e3o sem margem para credenciamento;<\/li>\n<li>presumir que receptivo e motorista s\u00e3o a mesma fun\u00e7\u00e3o;<\/li>\n<li>reunir passageiros de voos diferentes sem validar a janela de chegada;<\/li>\n<li>alterar o roteiro sem confirmar disponibilidade operacional.<\/li>\n<\/ul>\n<h2>Quando reservar o transfer de GRU para eventos no S\u00e3o Paulo Expo?<\/h2>\n<p>A reserva do transfer de GRU para o S\u00e3o Paulo Expo deve ser solicitada assim que voos, datas e agenda principal estiverem confirmados. Em per\u00edodos de feiras simult\u00e2neas, a procura por determinadas categorias e por profissionais com atendimento em outros idiomas pode aumentar. Portanto, a anteced\u00eancia amplia as possibilidades de planejamento, embora a confirma\u00e7\u00e3o sempre dependa da disponibilidade na data.<\/p>\n<p>O calend\u00e1rio oficial do S\u00e3o Paulo Expo deve ser consultado antes da viagem, porque datas, hor\u00e1rios e acessos podem ser atualizados pelos organizadores. Para eventos de setembro de 2026, por exemplo, j\u00e1 est\u00e3o confirmadas feiras relevantes em per\u00edodos pr\u00f3ximos, o que refor\u00e7a a necessidade de planejar aeroporto, hotel e pavilh\u00e3o como uma \u00fanica opera\u00e7\u00e3o.<\/p>\n<p>Consulte a <a href=\"https:\/\/www.saopauloexpo.com.br\/pt\/eventos\/\">agenda oficial do S\u00e3o Paulo Expo<\/a> antes de fechar o roteiro.<\/p>\n<h2>Checklist para or\u00e7ar o transporte executivo entre GRU e S\u00e3o Paulo Expo<\/h2>\n<ul>\n<li>nome e contato do respons\u00e1vel;<\/li>\n<li>pessoa f\u00edsica ou empresa;<\/li>\n<li>data, n\u00famero do voo, terminal e hor\u00e1rio previsto;<\/li>\n<li>quantidade de passageiros e bagagens;<\/li>\n<li>endere\u00e7o do hotel, quando houver parada;<\/li>\n<li>evento, hor\u00e1rio do compromisso e entrada ou pavilh\u00e3o;<\/li>\n<li>categoria de ve\u00edculo desejada, se j\u00e1 definida;<\/li>\n<li>necessidade de receptivo, idioma ou atendimento especial;<\/li>\n<li>transfer por trecho ou ve\u00edculo \u00e0 disposi\u00e7\u00e3o;<\/li>\n<li>voos adicionais e distribui\u00e7\u00e3o dos passageiros.<\/li>\n<\/ul>\n<h2>Perguntas frequentes sobre transfer GRU para S\u00e3o Paulo Expo<\/h2>\n<h3>Qual \u00e9 a melhor forma de ir de GRU ao S\u00e3o Paulo Expo?<\/h3>\n<p>A melhor alternativa depende do perfil da viagem. No entanto, para executivos, equipes e convidados com compromissos definidos, o transfer executivo privativo oferece reserva antecipada, ve\u00edculo planejado para a opera\u00e7\u00e3o e acompanhamento profissional.<\/p>\n<h3>O transfer pode buscar o passageiro no terminal correto?<\/h3>\n<p>Sim, desde que o voo e os dados do desembarque sejam informados corretamente. Em opera\u00e7\u00f5es com receptivo, o ponto de encontro tamb\u00e9m deve ser definido antes do atendimento.<\/p>\n<h3>O monitoramento do voo evita qualquer cobran\u00e7a por espera?<\/h3>\n<p>N\u00e3o necessariamente. O monitoramento apoia a opera\u00e7\u00e3o, mas condi\u00e7\u00f5es de espera, atrasos e altera\u00e7\u00f5es seguem o que estiver previsto na proposta comercial ou no contrato.<\/p>\n<h3>Posso contratar receptivo sem confundir com o motorista?<\/h3>\n<p>Sim. O receptivo aeroportu\u00e1rio, quando contratado, \u00e9 uma fun\u00e7\u00e3o dedicada \u00e0 recep\u00e7\u00e3o do passageiro e distinta da condu\u00e7\u00e3o do ve\u00edculo.<\/p>\n<h3>\u00c9 poss\u00edvel atender uma equipe que chega em v\u00e1rios voos?<\/h3>\n<p>Sim. Nesse caso, a opera\u00e7\u00e3o pode combinar receptivos e ve\u00edculos conforme hor\u00e1rios, terminais, passageiros e bagagens. Portanto, o planejamento deve ser individualizado para evitar que uma chegada comprometa as demais.<\/p>\n<h3>A GS Transfer atende transfer GRU para S\u00e3o Paulo Expo?<\/h3>\n<p>Sim. A GS Transfer realiza transporte executivo privativo para empresas, executivos, expositores, visitantes e grupos, com planejamento personalizado conforme o perfil da opera\u00e7\u00e3o e a disponibilidade.<\/p>\n<h2>Planeje o transfer GRU para S\u00e3o Paulo Expo com a GS Transfer<\/h2>\n<p>Em resumo, uma opera\u00e7\u00e3o bem organizada come\u00e7a com informa\u00e7\u00f5es completas. A GS Transfer avalia voo, hor\u00e1rios, passageiros, bagagens, categoria de ve\u00edculo, receptivo e roteiro para estruturar o atendimento de acordo com a necessidade de cada empresa.<\/p>\n<p>Para uma vis\u00e3o mais ampla do destino, leia tamb\u00e9m: <a href=\"https:\/\/gstransfer.com.br\/blog\/expo\/transporte-executivo-para-o-sao-paulo-expo-como-planejar-sua-operacao\/\">Transporte executivo para o S\u00e3o Paulo Expo: como planejar sua opera\u00e7\u00e3o<\/a>.<\/p>\n<p>Solicite um or\u00e7amento personalizado pelo WhatsApp (11) 2737-2681 ou pelo e-mail orcamento@gstransfer.com.br. Informe origem, destino, data, hor\u00e1rio, n\u00famero de passageiros e bagagens para uma cota\u00e7\u00e3o precisa.<\/p>\n","protected":false},"excerpt":{"rendered":"<p>Transfer GRU para S\u00e3o Paulo Expo: como planejar o transporte executivo O transfer GRU para S\u00e3o Paulo Expo exige mais do que reservar um ve\u00edculo. Afinal, empresas, expositores e organizadores precisam coordenar hor\u00e1rio de pouso, desembarque, bagagens, tr\u00e2nsito, credenciamento e poss\u00edveis altera\u00e7\u00f5es na agenda. Quando esses fatores s\u00e3o planejados em conjunto, o deslocamento entre o [&hellip;]<\/p>\n","protected":false},"author":1,"featured_media":2493,"comment_status":"open","ping_status":"open","sticky":false,"template":"","format":"standard","meta":{"footnotes":""},"categories":[318],"tags":[257,168,94,283,88],"class_list":["post-2490","post","type-post","status-publish","format-standard","has-post-thumbnail","hentry","category-expo","tag-eventos-corporativos","tag-sao-paulo-expo","tag-transfer-gru","tag-transporte-corporativo","tag-transporte-executivo"],"yoast_head":"<!-- This site is optimized with the Yoast SEO Premium plugin v28.1 (Yoast SEO v28.4) - https:\/\/yoast.com\/product\/yoast-seo-premium-wordpress\/ -->\n<title>Transfer GRU para S\u00e3o Paulo Expo | GS Transfer &#183; Blog da GS Transfer<\/title>\n<meta name=\"description\" content=\"Planeje seu transfer GRU para S\u00e3o Paulo Expo com ve\u00edculo adequado, receptivo opcional e transporte executivo profissional.\" \/>\n<meta name=\"robots\" content=\"index, follow, max-snippet:-1, max-image-preview:large, max-video-preview:-1\" \/>\n<link rel=\"canonical\" href=\"https:\/\/gstransfer.com.br\/blog\/expo\/transfer-gru-sao-paulo-expo\/\" \/>\n<meta property=\"og:locale\" content=\"pt_BR\" \/>\n<meta property=\"og:type\" content=\"article\" \/>\n<meta property=\"og:title\" content=\"Transfer GRU para S\u00e3o Paulo Expo | GS Transfer\" \/>\n<meta property=\"og:description\" content=\"Transfer GRU para S\u00e3o Paulo Expo: como planejar o transporte executivo O transfer GRU para S\u00e3o Paulo Expo exige mais do que reservar um ve\u00edculo. Afinal,\" \/>\n<meta property=\"og:url\" content=\"https:\/\/gstransfer.com.br\/blog\/expo\/transfer-gru-sao-paulo-expo\/\" \/>\n<meta property=\"og:site_name\" content=\"Blog da GS Transfer\" \/>\n<meta property=\"article:publisher\" content=\"https:\/\/pt-br.facebook.com\/gstransferSP\/\" \/>\n<meta property=\"article:published_time\" content=\"2026-08-01T13:00:48+00:00\" \/>\n<meta property=\"og:image\" content=\"https:\/\/gstransfer.com.br\/blog\/wp-content\/uploads\/2026\/08\/ChatGPT-Image-6-de-jul.-de-2026-10_02_26-1024x683.png\" \/>\n\t<meta property=\"og:image:width\" content=\"1024\" \/>\n\t<meta property=\"og:image:height\" content=\"683\" \/>\n\t<meta property=\"og:image:type\" content=\"image\/png\" \/>\n<meta name=\"author\" content=\"GS Transfer\" \/>\n<meta name=\"twitter:card\" content=\"summary_large_image\" \/>\n<meta name=\"twitter:label1\" content=\"Escrito por\" \/>\n\t<meta name=\"twitter:data1\" content=\"GS Transfer\" \/>\n\t<meta name=\"twitter:label2\" content=\"Est. tempo de leitura\" \/>\n\t<meta name=\"twitter:data2\" content=\"10 minutos\" \/>\n<script type=\"application\/ld+json\" class=\"yoast-schema-graph\">{\"@context\":\"https:\\\/\\\/schema.org\",\"@graph\":[{\"@type\":[\"Article\",\"BlogPosting\"],\"@id\":\"https:\\\/\\\/gstransfer.com.br\\\/blog\\\/expo\\\/transfer-gru-sao-paulo-expo\\\/#article\",\"isPartOf\":{\"@id\":\"https:\\\/\\\/gstransfer.com.br\\\/blog\\\/expo\\\/transfer-gru-sao-paulo-expo\\\/\"},\"author\":{\"name\":\"GS Transfer\",\"@id\":\"https:\\\/\\\/gstransfer.com.br\\\/blog\\\/#\\\/schema\\\/person\\\/cd30e1da5de5f7e9ddc9d80552b26dda\"},\"headline\":\"Transfer GRU para S\u00e3o Paulo Expo | GS Transfer\",\"datePublished\":\"2026-08-01T13:00:48+00:00\",\"mainEntityOfPage\":{\"@id\":\"https:\\\/\\\/gstransfer.com.br\\\/blog\\\/expo\\\/transfer-gru-sao-paulo-expo\\\/\"},\"wordCount\":1990,\"commentCount\":0,\"publisher\":{\"@id\":\"https:\\\/\\\/gstransfer.com.br\\\/blog\\\/#organization\"},\"image\":{\"@id\":\"https:\\\/\\\/gstransfer.com.br\\\/blog\\\/expo\\\/transfer-gru-sao-paulo-expo\\\/#primaryimage\"},\"thumbnailUrl\":\"https:\\\/\\\/gstransfer.com.br\\\/blog\\\/wp-content\\\/uploads\\\/2026\\\/08\\\/ChatGPT-Image-6-de-jul.-de-2026-10_02_26.png\",\"keywords\":[\"eventos corporativos\",\"S\u00e3o Paulo Expo\",\"Transfer GRU\",\"transporte corporativo\",\"Transporte executivo\"],\"articleSection\":[\"Expo\"],\"inLanguage\":\"pt-BR\",\"potentialAction\":[{\"@type\":\"CommentAction\",\"name\":\"Comment\",\"target\":[\"https:\\\/\\\/gstransfer.com.br\\\/blog\\\/expo\\\/transfer-gru-sao-paulo-expo\\\/#respond\"]}]},{\"@type\":\"WebPage\",\"@id\":\"https:\\\/\\\/gstransfer.com.br\\\/blog\\\/expo\\\/transfer-gru-sao-paulo-expo\\\/\",\"url\":\"https:\\\/\\\/gstransfer.com.br\\\/blog\\\/expo\\\/transfer-gru-sao-paulo-expo\\\/\",\"name\":\"Transfer GRU para S\u00e3o Paulo Expo | GS Transfer &#183; Blog da GS Transfer\",\"isPartOf\":{\"@id\":\"https:\\\/\\\/gstransfer.com.br\\\/blog\\\/#website\"},\"primaryImageOfPage\":{\"@id\":\"https:\\\/\\\/gstransfer.com.br\\\/blog\\\/expo\\\/transfer-gru-sao-paulo-expo\\\/#primaryimage\"},\"image\":{\"@id\":\"https:\\\/\\\/gstransfer.com.br\\\/blog\\\/expo\\\/transfer-gru-sao-paulo-expo\\\/#primaryimage\"},\"thumbnailUrl\":\"https:\\\/\\\/gstransfer.com.br\\\/blog\\\/wp-content\\\/uploads\\\/2026\\\/08\\\/ChatGPT-Image-6-de-jul.-de-2026-10_02_26.png\",\"datePublished\":\"2026-08-01T13:00:48+00:00\",\"description\":\"Planeje seu transfer GRU para S\u00e3o Paulo Expo com ve\u00edculo adequado, receptivo opcional e transporte executivo profissional.\",\"breadcrumb\":{\"@id\":\"https:\\\/\\\/gstransfer.com.br\\\/blog\\\/expo\\\/transfer-gru-sao-paulo-expo\\\/#breadcrumb\"},\"inLanguage\":\"pt-BR\",\"potentialAction\":[{\"@type\":\"ReadAction\",\"target\":[\"https:\\\/\\\/gstransfer.com.br\\\/blog\\\/expo\\\/transfer-gru-sao-paulo-expo\\\/\"]}]},{\"@type\":\"ImageObject\",\"inLanguage\":\"pt-BR\",\"@id\":\"https:\\\/\\\/gstransfer.com.br\\\/blog\\\/expo\\\/transfer-gru-sao-paulo-expo\\\/#primaryimage\",\"url\":\"https:\\\/\\\/gstransfer.com.br\\\/blog\\\/wp-content\\\/uploads\\\/2026\\\/08\\\/ChatGPT-Image-6-de-jul.-de-2026-10_02_26.png\",\"contentUrl\":\"https:\\\/\\\/gstransfer.com.br\\\/blog\\\/wp-content\\\/uploads\\\/2026\\\/08\\\/ChatGPT-Image-6-de-jul.-de-2026-10_02_26.png\",\"width\":1536,\"height\":1024,\"caption\":\"Transporte executivo privativo entre o Aeroporto de Guarulhos e o S\u00e3o Paulo Expo.\"},{\"@type\":\"BreadcrumbList\",\"@id\":\"https:\\\/\\\/gstransfer.com.br\\\/blog\\\/expo\\\/transfer-gru-sao-paulo-expo\\\/#breadcrumb\",\"itemListElement\":[{\"@type\":\"ListItem\",\"position\":1,\"name\":\"In\u00edcio\",\"item\":\"https:\\\/\\\/gstransfer.com.br\\\/blog\\\/\"},{\"@type\":\"ListItem\",\"position\":2,\"name\":\"Expo\",\"item\":\"https:\\\/\\\/gstransfer.com.br\\\/blog\\\/categorias\\\/expo\\\/\"},{\"@type\":\"ListItem\",\"position\":3,\"name\":\"Transfer GRU para S\u00e3o Paulo Expo | GS Transfer\"}]},{\"@type\":\"WebSite\",\"@id\":\"https:\\\/\\\/gstransfer.com.br\\\/blog\\\/#website\",\"url\":\"https:\\\/\\\/gstransfer.com.br\\\/blog\\\/\",\"name\":\"Blog da GS Transfer\",\"description\":\"Dicas de Viagem e Transporte Executivo em SP\",\"publisher\":{\"@id\":\"https:\\\/\\\/gstransfer.com.br\\\/blog\\\/#organization\"},\"alternateName\":\"Blog GS Transfer\",\"potentialAction\":[{\"@type\":\"SearchAction\",\"target\":{\"@type\":\"EntryPoint\",\"urlTemplate\":\"https:\\\/\\\/gstransfer.com.br\\\/blog\\\/?s={search_term_string}\"},\"query-input\":{\"@type\":\"PropertyValueSpecification\",\"valueRequired\":true,\"valueName\":\"search_term_string\"}}],\"inLanguage\":\"pt-BR\"},{\"@type\":\"Organization\",\"@id\":\"https:\\\/\\\/gstransfer.com.br\\\/blog\\\/#organization\",\"name\":\"Blog GS Transfer\",\"alternateName\":\"Blog da GS Transfer\",\"url\":\"https:\\\/\\\/gstransfer.com.br\\\/blog\\\/\",\"logo\":{\"@type\":\"ImageObject\",\"inLanguage\":\"pt-BR\",\"@id\":\"https:\\\/\\\/gstransfer.com.br\\\/blog\\\/#\\\/schema\\\/logo\\\/image\\\/\",\"url\":\"https:\\\/\\\/gstransfer.com.br\\\/blog\\\/wp-content\\\/uploads\\\/2026\\\/07\\\/696x696.png\",\"contentUrl\":\"https:\\\/\\\/gstransfer.com.br\\\/blog\\\/wp-content\\\/uploads\\\/2026\\\/07\\\/696x696.png\",\"width\":696,\"height\":696,\"caption\":\"Blog GS Transfer\"},\"image\":{\"@id\":\"https:\\\/\\\/gstransfer.com.br\\\/blog\\\/#\\\/schema\\\/logo\\\/image\\\/\"},\"sameAs\":[\"https:\\\/\\\/pt-br.facebook.com\\\/gstransferSP\\\/\",\"https:\\\/\\\/www.instagram.com\\\/gstransfersp\",\"https:\\\/\\\/www.tripadvisor.com.br\\\/Attraction_Review-g303631-d17466444-Reviews-GS_Transfer_Transporte_Executivo-Sao_Paulo_State_of_Sao_Paulo.html\",\"https:\\\/\\\/br.linkedin.com\\\/company\\\/gs-transfer-e-turismo\"],\"description\":\"A GS Transfer \u00e9 uma empresa de transporte executivo com 10 anos de atua\u00e7\u00e3o em S\u00e3o Paulo e regi\u00e3o, e mais de 42.000 atendimentos realizados. Oferece traslados para aeroportos (Guarulhos, Congonhas e Viracopos), eventos corporativos, feiras, shows e viagens para o litoral e interior, com frota completa \u2014 pr\u00f3pria e rede de parceiros credenciados \u2014 que atende todas as categorias: sedans, ve\u00edculos de luxo, SUVs, blindados, vans, micro-\u00f4nibus e \u00f4nibus executivos. Conta com motoristas profissionais e bil\u00edngues, atendimento 24 horas e monitoramento em tempo real. \u00c9 recomendada no TripAdvisor e registrada no Cadastur.\",\"email\":\"contato@gstransfer.com.br\",\"telephone\":\"+55 (11) 2737-2681\",\"legalName\":\"GS Transfer\",\"foundingDate\":\"2016-07-01\",\"vatID\":\"24.763.257\\\/0001-63\",\"numberOfEmployees\":{\"@type\":\"QuantitativeValue\",\"minValue\":\"1\",\"maxValue\":\"10\"}},{\"@type\":\"Person\",\"@id\":\"https:\\\/\\\/gstransfer.com.br\\\/blog\\\/#\\\/schema\\\/person\\\/cd30e1da5de5f7e9ddc9d80552b26dda\",\"name\":\"GS Transfer\",\"image\":{\"@type\":\"ImageObject\",\"inLanguage\":\"pt-BR\",\"@id\":\"https:\\\/\\\/secure.gravatar.com\\\/avatar\\\/c5da0af1f163431fd615f7efecc5a090b3c62787f27e904ee19625ee23767c79?s=96&d=mm&r=g\",\"url\":\"https:\\\/\\\/secure.gravatar.com\\\/avatar\\\/c5da0af1f163431fd615f7efecc5a090b3c62787f27e904ee19625ee23767c79?s=96&d=mm&r=g\",\"contentUrl\":\"https:\\\/\\\/secure.gravatar.com\\\/avatar\\\/c5da0af1f163431fd615f7efecc5a090b3c62787f27e904ee19625ee23767c79?s=96&d=mm&r=g\",\"caption\":\"GS Transfer\"}}]}<\/script>\n<!-- \/ Yoast SEO Premium plugin. -->","yoast_head_json":{"title":"Transfer GRU para S\u00e3o Paulo Expo | GS Transfer &#183; Blog da GS Transfer","description":"Planeje seu transfer GRU para S\u00e3o Paulo Expo com ve\u00edculo adequado, receptivo opcional e transporte executivo profissional.","robots":{"index":"index","follow":"follow","max-snippet":"max-snippet:-1","max-image-preview":"max-image-preview:large","max-video-preview":"max-video-preview:-1"},"canonical":"https:\/\/gstransfer.com.br\/blog\/expo\/transfer-gru-sao-paulo-expo\/","og_locale":"pt_BR","og_type":"article","og_title":"Transfer GRU para S\u00e3o Paulo Expo | GS Transfer","og_description":"Transfer GRU para S\u00e3o Paulo Expo: como planejar o transporte executivo O transfer GRU para S\u00e3o Paulo Expo exige mais do que reservar um ve\u00edculo. Afinal,","og_url":"https:\/\/gstransfer.com.br\/blog\/expo\/transfer-gru-sao-paulo-expo\/","og_site_name":"Blog da GS Transfer","article_publisher":"https:\/\/pt-br.facebook.com\/gstransferSP\/","article_published_time":"2026-08-01T13:00:48+00:00","og_image":[{"width":1024,"height":683,"url":"https:\/\/gstransfer.com.br\/blog\/wp-content\/uploads\/2026\/08\/ChatGPT-Image-6-de-jul.-de-2026-10_02_26-1024x683.png","type":"image\/png"}],"author":"GS Transfer","twitter_card":"summary_large_image","twitter_misc":{"Escrito por":"GS Transfer","Est. tempo de leitura":"10 minutos"},"schema":{"@context":"https:\/\/schema.org","@graph":[{"@type":["Article","BlogPosting"],"@id":"https:\/\/gstransfer.com.br\/blog\/expo\/transfer-gru-sao-paulo-expo\/#article","isPartOf":{"@id":"https:\/\/gstransfer.com.br\/blog\/expo\/transfer-gru-sao-paulo-expo\/"},"author":{"name":"GS Transfer","@id":"https:\/\/gstransfer.com.br\/blog\/#\/schema\/person\/cd30e1da5de5f7e9ddc9d80552b26dda"},"headline":"Transfer GRU para S\u00e3o Paulo Expo | GS Transfer","datePublished":"2026-08-01T13:00:48+00:00","mainEntityOfPage":{"@id":"https:\/\/gstransfer.com.br\/blog\/expo\/transfer-gru-sao-paulo-expo\/"},"wordCount":1990,"commentCount":0,"publisher":{"@id":"https:\/\/gstransfer.com.br\/blog\/#organization"},"image":{"@id":"https:\/\/gstransfer.com.br\/blog\/expo\/transfer-gru-sao-paulo-expo\/#primaryimage"},"thumbnailUrl":"https:\/\/gstransfer.com.br\/blog\/wp-content\/uploads\/2026\/08\/ChatGPT-Image-6-de-jul.-de-2026-10_02_26.png","keywords":["eventos corporativos","S\u00e3o Paulo Expo","Transfer GRU","transporte corporativo","Transporte executivo"],"articleSection":["Expo"],"inLanguage":"pt-BR","potentialAction":[{"@type":"CommentAction","name":"Comment","target":["https:\/\/gstransfer.com.br\/blog\/expo\/transfer-gru-sao-paulo-expo\/#respond"]}]},{"@type":"WebPage","@id":"https:\/\/gstransfer.com.br\/blog\/expo\/transfer-gru-sao-paulo-expo\/","url":"https:\/\/gstransfer.com.br\/blog\/expo\/transfer-gru-sao-paulo-expo\/","name":"Transfer GRU para S\u00e3o Paulo Expo | GS Transfer &#183; Blog da GS Transfer","isPartOf":{"@id":"https:\/\/gstransfer.com.br\/blog\/#website"},"primaryImageOfPage":{"@id":"https:\/\/gstransfer.com.br\/blog\/expo\/transfer-gru-sao-paulo-expo\/#primaryimage"},"image":{"@id":"https:\/\/gstransfer.com.br\/blog\/expo\/transfer-gru-sao-paulo-expo\/#primaryimage"},"thumbnailUrl":"https:\/\/gstransfer.com.br\/blog\/wp-content\/uploads\/2026\/08\/ChatGPT-Image-6-de-jul.-de-2026-10_02_26.png","datePublished":"2026-08-01T13:00:48+00:00","description":"Planeje seu transfer GRU para S\u00e3o Paulo Expo com ve\u00edculo adequado, receptivo opcional e transporte executivo profissional.","breadcrumb":{"@id":"https:\/\/gstransfer.com.br\/blog\/expo\/transfer-gru-sao-paulo-expo\/#breadcrumb"},"inLanguage":"pt-BR","potentialAction":[{"@type":"ReadAction","target":["https:\/\/gstransfer.com.br\/blog\/expo\/transfer-gru-sao-paulo-expo\/"]}]},{"@type":"ImageObject","inLanguage":"pt-BR","@id":"https:\/\/gstransfer.com.br\/blog\/expo\/transfer-gru-sao-paulo-expo\/#primaryimage","url":"https:\/\/gstransfer.com.br\/blog\/wp-content\/uploads\/2026\/08\/ChatGPT-Image-6-de-jul.-de-2026-10_02_26.png","contentUrl":"https:\/\/gstransfer.com.br\/blog\/wp-content\/uploads\/2026\/08\/ChatGPT-Image-6-de-jul.-de-2026-10_02_26.png","width":1536,"height":1024,"caption":"Transporte executivo privativo entre o Aeroporto de Guarulhos e o S\u00e3o Paulo Expo."},{"@type":"BreadcrumbList","@id":"https:\/\/gstransfer.com.br\/blog\/expo\/transfer-gru-sao-paulo-expo\/#breadcrumb","itemListElement":[{"@type":"ListItem","position":1,"name":"In\u00edcio","item":"https:\/\/gstransfer.com.br\/blog\/"},{"@type":"ListItem","position":2,"name":"Expo","item":"https:\/\/gstransfer.com.br\/blog\/categorias\/expo\/"},{"@type":"ListItem","position":3,"name":"Transfer GRU para S\u00e3o Paulo Expo | GS Transfer"}]},{"@type":"WebSite","@id":"https:\/\/gstransfer.com.br\/blog\/#website","url":"https:\/\/gstransfer.com.br\/blog\/","name":"Blog da GS Transfer","description":"Dicas de Viagem e Transporte Executivo em SP","publisher":{"@id":"https:\/\/gstransfer.com.br\/blog\/#organization"},"alternateName":"Blog GS Transfer","potentialAction":[{"@type":"SearchAction","target":{"@type":"EntryPoint","urlTemplate":"https:\/\/gstransfer.com.br\/blog\/?s={search_term_string}"},"query-input":{"@type":"PropertyValueSpecification","valueRequired":true,"valueName":"search_term_string"}}],"inLanguage":"pt-BR"},{"@type":"Organization","@id":"https:\/\/gstransfer.com.br\/blog\/#organization","name":"Blog GS Transfer","alternateName":"Blog da GS Transfer","url":"https:\/\/gstransfer.com.br\/blog\/","logo":{"@type":"ImageObject","inLanguage":"pt-BR","@id":"https:\/\/gstransfer.com.br\/blog\/#\/schema\/logo\/image\/","url":"https:\/\/gstransfer.com.br\/blog\/wp-content\/uploads\/2026\/07\/696x696.png","contentUrl":"https:\/\/gstransfer.com.br\/blog\/wp-content\/uploads\/2026\/07\/696x696.png","width":696,"height":696,"caption":"Blog GS Transfer"},"image":{"@id":"https:\/\/gstransfer.com.br\/blog\/#\/schema\/logo\/image\/"},"sameAs":["https:\/\/pt-br.facebook.com\/gstransferSP\/","https:\/\/www.instagram.com\/gstransfersp","https:\/\/www.tripadvisor.com.br\/Attraction_Review-g303631-d17466444-Reviews-GS_Transfer_Transporte_Executivo-Sao_Paulo_State_of_Sao_Paulo.html","https:\/\/br.linkedin.com\/company\/gs-transfer-e-turismo"],"description":"A GS Transfer \u00e9 uma empresa de transporte executivo com 10 anos de atua\u00e7\u00e3o em S\u00e3o Paulo e regi\u00e3o, e mais de 42.000 atendimentos realizados. Oferece traslados para aeroportos (Guarulhos, Congonhas e Viracopos), eventos corporativos, feiras, shows e viagens para o litoral e interior, com frota completa \u2014 pr\u00f3pria e rede de parceiros credenciados \u2014 que atende todas as categorias: sedans, ve\u00edculos de luxo, SUVs, blindados, vans, micro-\u00f4nibus e \u00f4nibus executivos. Conta com motoristas profissionais e bil\u00edngues, atendimento 24 horas e monitoramento em tempo real. \u00c9 recomendada no TripAdvisor e registrada no Cadastur.","email":"contato@gstransfer.com.br","telephone":"+55 (11) 2737-2681","legalName":"GS Transfer","foundingDate":"2016-07-01","vatID":"24.763.257\/0001-63","numberOfEmployees":{"@type":"QuantitativeValue","minValue":"1","maxValue":"10"}},{"@type":"Person","@id":"https:\/\/gstransfer.com.br\/blog\/#\/schema\/person\/cd30e1da5de5f7e9ddc9d80552b26dda","name":"GS Transfer","image":{"@type":"ImageObject","inLanguage":"pt-BR","@id":"https:\/\/secure.gravatar.com\/avatar\/c5da0af1f163431fd615f7efecc5a090b3c62787f27e904ee19625ee23767c79?s=96&d=mm&r=g","url":"https:\/\/secure.gravatar.com\/avatar\/c5da0af1f163431fd615f7efecc5a090b3c62787f27e904ee19625ee23767c79?s=96&d=mm&r=g","contentUrl":"https:\/\/secure.gravatar.com\/avatar\/c5da0af1f163431fd615f7efecc5a090b3c62787f27e904ee19625ee23767c79?s=96&d=mm&r=g","caption":"GS Transfer"}}]}},"_links":{"self":[{"href":"https:\/\/gstransfer.com.br\/blog\/wp-json\/wp\/v2\/posts\/2490","targetHints":{"allow":["GET"]}}],"collection":[{"href":"https:\/\/gstransfer.com.br\/blog\/wp-json\/wp\/v2\/posts"}],"about":[{"href":"https:\/\/gstransfer.com.br\/blog\/wp-json\/wp\/v2\/types\/post"}],"author":[{"embeddable":true,"href":"https:\/\/gstransfer.com.br\/blog\/wp-json\/wp\/v2\/users\/1"}],"replies":[{"embeddable":true,"href":"https:\/\/gstransfer.com.br\/blog\/wp-json\/wp\/v2\/comments?post=2490"}],"version-history":[{"count":4,"href":"https:\/\/gstransfer.com.br\/blog\/wp-json\/wp\/v2\/posts\/2490\/revisions"}],"predecessor-version":[{"id":2984,"href":"https:\/\/gstransfer.com.br\/blog\/wp-json\/wp\/v2\/posts\/2490\/revisions\/2984"}],"wp:featuredmedia":[{"embeddable":true,"href":"https:\/\/gstransfer.com.br\/blog\/wp-json\/wp\/v2\/media\/2493"}],"wp:attachment":[{"href":"https:\/\/gstransfer.com.br\/blog\/wp-json\/wp\/v2\/media?parent=2490"}],"wp:term":[{"taxonomy":"category","embeddable":true,"href":"https:\/\/gstransfer.com.br\/blog\/wp-json\/wp\/v2\/categories?post=2490"},{"taxonomy":"post_tag","embeddable":true,"href":"https:\/\/gstransfer.com.br\/blog\/wp-json\/wp\/v2\/tags?post=2490"}],"curies":[{"name":"wp","href":"https:\/\/api.w.org\/{rel}","templated":true}]}}