{"id":2503,"date":"2026-08-06T10:00:26","date_gmt":"2026-08-06T13:00:26","guid":{"rendered":"https:\/\/gstransfer.com.br\/blog\/?p=2503"},"modified":"2026-07-08T08:41:47","modified_gmt":"2026-07-08T11:41:47","slug":"logistica-transporte-feiras-expo-center-norte","status":"publish","type":"post","link":"https:\/\/gstransfer.com.br\/blog\/expo\/logistica-transporte-feiras-expo-center-norte\/","title":{"rendered":"Log\u00edstica de Transporte para Feiras no Expo Center Norte"},"content":{"rendered":"<figure id=\"attachment_2506\" aria-describedby=\"caption-attachment-2506\" style=\"width: 300px\" class=\"wp-caption aligncenter\"><img decoding=\"async\" class=\"size-medium wp-image-2506\" src=\"https:\/\/gstransfer.com.br\/blog\/wp-content\/uploads\/2026\/08\/ChatGPT-Image-8-de-jul.-de-2026-08_38_43-300x158.png\" alt=\"Log\u00edstica de transporte executivo para empresas durante grandes eventos realizados no Expo Center Norte.\" width=\"300\" height=\"158\" srcset=\"https:\/\/gstransfer.com.br\/blog\/wp-content\/uploads\/2026\/08\/ChatGPT-Image-8-de-jul.-de-2026-08_38_43-300x158.png 300w, https:\/\/gstransfer.com.br\/blog\/wp-content\/uploads\/2026\/08\/ChatGPT-Image-8-de-jul.-de-2026-08_38_43-1024x538.png 1024w, https:\/\/gstransfer.com.br\/blog\/wp-content\/uploads\/2026\/08\/ChatGPT-Image-8-de-jul.-de-2026-08_38_43-768x403.png 768w, https:\/\/gstransfer.com.br\/blog\/wp-content\/uploads\/2026\/08\/ChatGPT-Image-8-de-jul.-de-2026-08_38_43-1536x807.png 1536w, https:\/\/gstransfer.com.br\/blog\/wp-content\/uploads\/2026\/08\/ChatGPT-Image-8-de-jul.-de-2026-08_38_43.png 1731w\" sizes=\"(max-width: 300px) 100vw, 300px\" \/><figcaption id=\"caption-attachment-2506\" class=\"wp-caption-text\">Log\u00edstica de transporte executivo para empresas durante grandes eventos realizados no Expo Center Norte.<\/figcaption><\/figure>\n<h1>Como Planejar a Log\u00edstica de Transporte para Empresas Durante Grandes Feiras no Expo Center Norte<\/h1>\n<p>Planejar a log\u00edstica de transporte para grandes feiras no Expo Center Norte \u00e9 essencial para empresas que desejam garantir pontualidade, conforto, seguran\u00e7a e melhor aproveitamento comercial em S\u00e3o Paulo. Uma opera\u00e7\u00e3o bem estruturada considera aeroportos, hot\u00e9is, hor\u00e1rios, n\u00famero de passageiros, bagagens, reuni\u00f5es externas, idioma dos visitantes e perfil dos participantes, reduzindo atrasos e melhorando a experi\u00eancia de executivos, equipes e convidados.<\/p>\n<h2>Resposta r\u00e1pida<\/h2>\n<p>A log\u00edstica de transporte para feiras no Expo Center Norte deve ser planejada com anteced\u00eancia, principalmente quando envolve equipes comerciais, diretoria, visitantes internacionais, clientes VIP ou grupos. O ideal \u00e9 definir voos, hot\u00e9is, hor\u00e1rios, ve\u00edculos, bagagens e deslocamentos paralelos antes do evento. O transporte executivo privativo oferece mais previsibilidade do que aplicativos e ajuda empresas a manter uma opera\u00e7\u00e3o profissional durante toda a programa\u00e7\u00e3o.<\/p>\n<h2>Principais pontos<\/h2>\n<ul>\n<li>Grandes feiras concentram milhares de visitantes, fornecedores, compradores e executivos no mesmo per\u00edodo.<\/li>\n<li>O Expo Center Norte exige aten\u00e7\u00e3o especial por causa do fluxo de ve\u00edculos, hot\u00e9is pr\u00f3ximos, aeroportos e hor\u00e1rios de pico.<\/li>\n<li>A log\u00edstica deve considerar n\u00e3o apenas a ida ao evento, mas tamb\u00e9m aeroportos, hot\u00e9is, reuni\u00f5es, jantares e retornos.<\/li>\n<li>Vans executivas, SUVs, sed\u00e3s e ve\u00edculos \u00e0 disposi\u00e7\u00e3o podem atender diferentes perfis de opera\u00e7\u00e3o.<\/li>\n<li>Empresas que recebem visitantes internacionais precisam de recep\u00e7\u00e3o no aeroporto, monitoramento de voos e comunica\u00e7\u00e3o clara.<\/li>\n<li>Escolher transporte apenas pelo menor pre\u00e7o pode gerar atrasos, desconforto e perda de oportunidades comerciais.<\/li>\n<li>A GS Transfer atua com transporte executivo em S\u00e3o Paulo para empresas, aeroportos, feiras, grupos, diretoria e clientes VIP.<\/li>\n<\/ul>\n<h2>Por que a log\u00edstica de transporte \u00e9 decisiva em grandes feiras?<\/h2>\n<p>Em uma feira corporativa, o transporte influencia diretamente a experi\u00eancia de todos os envolvidos. A equipe precisa chegar no hor\u00e1rio, o cliente convidado precisa ser recebido com aten\u00e7\u00e3o, o executivo n\u00e3o pode perder reuni\u00f5es e os visitantes internacionais precisam se sentir seguros desde o desembarque. Quando a log\u00edstica falha, o problema raramente fica restrito ao deslocamento. Ele afeta a agenda, a produtividade e a imagem da empresa.<\/p>\n<p>O Expo Center Norte recebe eventos de grande porte e costuma concentrar alto volume de circula\u00e7\u00e3o em hor\u00e1rios espec\u00edficos. Isso aumenta a demanda por ve\u00edculos, aplicativos, t\u00e1xis, vans e estacionamentos. Empresas que deixam essa etapa para a \u00faltima hora ficam mais expostas a atrasos, tarifas vari\u00e1veis, ve\u00edculos incompat\u00edveis com bagagens e falta de suporte operacional.<\/p>\n<p>Por isso, o transporte deve ser tratado como parte do planejamento comercial do evento. Uma agenda bem desenhada permite que a empresa aproveite melhor reuni\u00f5es, apresenta\u00e7\u00f5es, visitas t\u00e9cnicas, rodadas de neg\u00f3cios e encontros com parceiros.<\/p>\n<h2>Como o Expo Center Norte impacta a mobilidade em S\u00e3o Paulo?<\/h2>\n<p>O Expo Center Norte est\u00e1 localizado em uma regi\u00e3o estrat\u00e9gica da cidade, com acesso pela Marginal Tiet\u00ea e proximidade de bairros como Santana, Vila Guilherme e Casa Verde. A localiza\u00e7\u00e3o facilita a chegada de diferentes regi\u00f5es, mas tamb\u00e9m exige planejamento em hor\u00e1rios de maior movimento.<\/p>\n<p>Durante eventos simult\u00e2neos ou feiras de grande p\u00fablico, os deslocamentos podem ser impactados por congestionamentos, filas de embarque e desembarque, demanda por estacionamento e grande concentra\u00e7\u00e3o de ve\u00edculos de aplicativos. Quem chega por Guarulhos, Congonhas ou Viracopos tamb\u00e9m precisa considerar o tempo entre aeroporto, hotel e pavilh\u00e3o.<\/p>\n<p>Para entender melhor a estrutura do complexo e sua relev\u00e2ncia para grandes eventos, consulte o site oficial do <a href=\"https:\/\/www.expocenternorte.com.br\/\">Expo Center Norte<\/a>.<\/p>\n<h2>Quais eventos aumentam a demanda por transporte executivo?<\/h2>\n<p>Feiras de beleza, turismo, hotelaria, log\u00edstica, ilumina\u00e7\u00e3o, embalagens, laborat\u00f3rios e cosm\u00e9ticos costumam atrair p\u00fablicos com alta necessidade de deslocamento. Em setembro de 2026, o calend\u00e1rio do Expo Center Norte re\u00fane eventos estrat\u00e9gicos como Beauty Fair, Equipotel, Expolux, Intra-Log Expo South America, Label &amp; Pack Expo, CIPRO | EXPOLAB, in-cosmetics Latin America e ABAV Expo.<\/p>\n<p>Esses eventos movimentam aeroportos, hot\u00e9is, restaurantes, centros empresariais e regi\u00f5es corporativas de S\u00e3o Paulo. Empresas participantes precisam transportar equipes, compradores, representantes internacionais, palestrantes, diretores e convidados, muitas vezes em hor\u00e1rios diferentes e com roteiros complexos.<\/p>\n<p>A Beauty Fair, por exemplo, re\u00fane grande p\u00fablico do setor de beleza e cosm\u00e9ticos; a Equipotel movimenta hotelaria e hospitalidade; e a Intra-Log Expo South America atrai profissionais de log\u00edstica, automa\u00e7\u00e3o e centros de distribui\u00e7\u00e3o. Consulte tamb\u00e9m os sites oficiais da <a href=\"https:\/\/beautyfair.com.br\/\">Beauty Fair<\/a>, da <a href=\"https:\/\/www.equipotel.com.br\/\">Equipotel<\/a> e da <a href=\"https:\/\/intralogexpo.com.br\/\">Intra-Log Expo South America<\/a> para acompanhar informa\u00e7\u00f5es dos eventos.<\/p>\n<h2>Como come\u00e7ar o planejamento da log\u00edstica?<\/h2>\n<p>O primeiro passo \u00e9 mapear toda a jornada dos participantes. Muitas empresas se preocupam apenas com o deslocamento entre hotel e feira, mas uma opera\u00e7\u00e3o completa costuma envolver muito mais etapas.<\/p>\n<p>A recomenda\u00e7\u00e3o \u00e9 levantar as seguintes informa\u00e7\u00f5es com anteced\u00eancia: datas de chegada e sa\u00edda, aeroportos utilizados, hot\u00e9is, hor\u00e1rios de entrada na feira, reuni\u00f5es externas, jantares corporativos, quantidade de passageiros, volume de bagagens, necessidade de motorista bil\u00edngue e perfil dos convidados.<\/p>\n<p>Esse mapeamento permite escolher o ve\u00edculo certo, definir hor\u00e1rios realistas, prever margens de seguran\u00e7a e organizar a comunica\u00e7\u00e3o entre empresa, passageiros e fornecedor de transporte.<\/p>\n<h2>O planejamento deve come\u00e7ar antes da compra das passagens?<\/h2>\n<p>Sim. O ideal \u00e9 que passagens, hot\u00e9is e transporte sejam planejados de forma integrada. A escolha do aeroporto influencia o tempo de deslocamento, o hotel influencia a rotina di\u00e1ria e o tipo de ve\u00edculo depende da quantidade de passageiros e bagagens.<\/p>\n<p>Quando a empresa compra passagens sem considerar a log\u00edstica, pode acabar criando agendas pouco eficientes, com chegadas em hor\u00e1rios cr\u00edticos, deslocamentos longos ou conex\u00f5es incompat\u00edveis com reuni\u00f5es importantes. Avaliar o transporte ainda na fase inicial ajuda a reduzir riscos e organizar melhor a opera\u00e7\u00e3o.<\/p>\n<h2>Como elaborar um cronograma log\u00edstico para feiras de tr\u00eas a cinco dias?<\/h2>\n<p>Um cronograma log\u00edstico deve reunir todos os deslocamentos previstos durante o evento. Para feiras de tr\u00eas a cinco dias, o documento precisa contemplar chegada, deslocamentos di\u00e1rios, reuni\u00f5es externas, jantares, poss\u00edveis visitas t\u00e9cnicas e retorno ao aeroporto.<\/p>\n<p>O cronograma deve indicar hor\u00e1rio de sa\u00edda, local de embarque, destino, passageiros, ve\u00edculo, contato do respons\u00e1vel e observa\u00e7\u00f5es importantes. Em opera\u00e7\u00f5es maiores, tamb\u00e9m \u00e9 \u00fatil separar a agenda por grupos: diretoria, equipe comercial, visitantes internacionais, convidados VIP e equipe t\u00e9cnica.<\/p>\n<p>Esse controle evita improvisos, facilita altera\u00e7\u00f5es e permite que todos saibam exatamente o que acontecer\u00e1 em cada etapa. Tamb\u00e9m ajuda a empresa de transporte a escalar ve\u00edculos e motoristas com mais precis\u00e3o.<\/p>\n<h2>Qual ve\u00edculo escolher para cada tipo de opera\u00e7\u00e3o?<\/h2>\n<p>A escolha do ve\u00edculo depende do perfil do passageiro, do n\u00famero de pessoas e do volume de bagagens ou materiais. Nem sempre o menor ve\u00edculo \u00e9 a melhor op\u00e7\u00e3o, especialmente em feiras que envolvem cat\u00e1logos, brindes, amostras ou equipamentos.<\/p>\n<h3>Sedan executivo<\/h3>\n<p>O sedan executivo \u00e9 indicado para diretores, executivos, clientes VIP, compradores e passageiros individuais. Oferece conforto, discri\u00e7\u00e3o e boa apresenta\u00e7\u00e3o para compromissos corporativos.<\/p>\n<h3>SUV executivo<\/h3>\n<p>O SUV executivo \u00e9 recomendado quando h\u00e1 necessidade de mais espa\u00e7o, maior volume de bagagens ou deslocamentos de maior dura\u00e7\u00e3o. Tamb\u00e9m \u00e9 uma op\u00e7\u00e3o adequada para clientes estrat\u00e9gicos e visitantes internacionais.<\/p>\n<h3>Van executiva<\/h3>\n<p>A van executiva \u00e9 ideal para equipes comerciais, expositores, grupos de compradores, influenciadores, delega\u00e7\u00f5es internacionais e participantes hospedados no mesmo hotel. Ela permite que todos cheguem juntos ao evento, reduzindo desencontros e facilitando a coordena\u00e7\u00e3o.<\/p>\n<h3>Micro-\u00f4nibus e \u00f4nibus<\/h3>\n<p>Micro-\u00f4nibus e \u00f4nibus s\u00e3o indicados para congressistas, grupos maiores, delega\u00e7\u00f5es, equipes t\u00e9cnicas e opera\u00e7\u00f5es com grande volume de pessoas. Nesses casos, o planejamento de pontos de embarque e desembarque deve ser ainda mais detalhado.<\/p>\n<h2>Quando contratar ve\u00edculo \u00e0 disposi\u00e7\u00e3o?<\/h2>\n<p>O ve\u00edculo \u00e0 disposi\u00e7\u00e3o \u00e9 uma solu\u00e7\u00e3o indicada quando a agenda \u00e9 din\u00e2mica. Em vez de contratar v\u00e1rios trajetos separados, a empresa mant\u00e9m um ve\u00edculo reservado por determinado per\u00edodo, permitindo ajustes de rota e hor\u00e1rio conforme a programa\u00e7\u00e3o evolui.<\/p>\n<p>Esse modelo \u00e9 especialmente \u00fatil para diretoria, visitantes internacionais, equipes que ter\u00e3o reuni\u00f5es fora da feira e convidados VIP. Tamb\u00e9m pode ser mais eficiente quando h\u00e1 jantares corporativos, visitas a clientes ou compromissos em regi\u00f5es como Paulista, Jardins, Itaim Bibi, Vila Ol\u00edmpia, Faria Lima e Berrini.<\/p>\n<h2>Como organizar transporte para visitantes internacionais?<\/h2>\n<p>Visitantes internacionais precisam de uma experi\u00eancia clara desde o desembarque. O ideal \u00e9 informar previamente onde ocorrer\u00e1 o encontro com o motorista, qual ser\u00e1 o contato de suporte e qual ve\u00edculo far\u00e1 o atendimento.<\/p>\n<p>O monitoramento de voos \u00e9 fundamental, pois atrasos e altera\u00e7\u00f5es podem ocorrer. A recep\u00e7\u00e3o no aeroporto tamb\u00e9m reduz o risco de desencontro e transmite profissionalismo logo no primeiro contato com a cidade.<\/p>\n<p>Quando o passageiro n\u00e3o fala portugu\u00eas, o atendimento bil\u00edngue ou multil\u00edngue se torna um diferencial importante. Em opera\u00e7\u00f5es corporativas, esse cuidado demonstra respeito, organiza\u00e7\u00e3o e aten\u00e7\u00e3o \u00e0 experi\u00eancia do convidado.<\/p>\n<p>A GS Transfer possui conte\u00fado espec\u00edfico sobre esse tipo de opera\u00e7\u00e3o no artigo <a href=\"https:\/\/gstransfer.com.br\/blog\/experiencias\/transfer-executivo-gru-eventos-corporativos\/\">Transfer executivo GRU para eventos corporativos<\/a>, que explica como o transfer deixa de ser uma simples corrida e passa a ser parte de uma opera\u00e7\u00e3o coordenada.<\/p>\n<h2>Como escolher a regi\u00e3o de hospedagem?<\/h2>\n<p>A hospedagem deve considerar a rotina dos participantes. Ficar pr\u00f3ximo ao Expo Center Norte pode ser pr\u00e1tico para equipes de montagem, expositores e visitantes que passar\u00e3o a maior parte do dia no pavilh\u00e3o. Por\u00e9m, executivos e visitantes internacionais podem preferir regi\u00f5es com maior oferta de restaurantes, escrit\u00f3rios e hot\u00e9is de alto padr\u00e3o.<\/p>\n<p>A Avenida Paulista \u00e9 uma op\u00e7\u00e3o tradicional para empresas que buscam localiza\u00e7\u00e3o central. Jardins, Itaim Bibi e Vila Ol\u00edmpia s\u00e3o regi\u00f5es muito utilizadas por executivos, multinacionais e equipes com agendas paralelas. Alphaville pode ser estrat\u00e9gico quando a empresa possui compromissos na regi\u00e3o, embora exija maior tempo de deslocamento at\u00e9 o Expo Center Norte.<\/p>\n<p>A melhor escolha depende do equil\u00edbrio entre proximidade da feira, perfil dos participantes, compromissos externos e padr\u00e3o de hospedagem desejado.<\/p>\n<h2>Como escolher entre GRU, Congonhas e Viracopos?<\/h2>\n<h3>Guarulhos (GRU)<\/h3>\n<p>Guarulhos \u00e9 a principal porta de entrada para voos internacionais e muitos voos dom\u00e9sticos. \u00c9 indicado para visitantes estrangeiros, delega\u00e7\u00f5es, executivos internacionais e grupos que chegam de outros pa\u00edses ou regi\u00f5es mais distantes do Brasil.<\/p>\n<h3>Congonhas (CGH)<\/h3>\n<p>Congonhas \u00e9 bastante usado em viagens corporativas nacionais, especialmente em rotas como Rio de Janeiro, Bras\u00edlia, Belo Horizonte, Curitiba e Porto Alegre. Pode ser mais conveniente para agendas curtas e deslocamentos r\u00e1pidos dentro da cidade.<\/p>\n<h3>Viracopos (VCP)<\/h3>\n<p>Viracopos pode ser uma alternativa para empresas com compromissos em Campinas, interior paulista ou voos espec\u00edficos com melhor disponibilidade. Entretanto, exige aten\u00e7\u00e3o ao tempo de deslocamento at\u00e9 S\u00e3o Paulo.<\/p>\n<h2>Transporte executivo ou aplicativo: qual faz mais sentido?<\/h2>\n<p>Aplicativos podem atender deslocamentos simples, individuais e sem hor\u00e1rio r\u00edgido. Por\u00e9m, em grandes feiras, empresas precisam de previsibilidade. A disponibilidade pode variar, o pre\u00e7o pode mudar conforme a demanda e nem sempre o ve\u00edculo solicitado comporta passageiros e bagagens.<\/p>\n<p>O transporte executivo oferece reserva antecipada, motorista profissional, ve\u00edculo definido, suporte operacional e planejamento da rota. Para equipes, diretoria, convidados internacionais e grupos, essa previsibilidade tende a ser mais importante do que uma economia pontual.<\/p>\n<p>Quando a agenda envolve reuni\u00f5es comerciais, palestras, almo\u00e7os estrat\u00e9gicos e hor\u00e1rios de aeroporto, o transporte deve ser pensado como parte da opera\u00e7\u00e3o do evento, n\u00e3o como uma decis\u00e3o improvisada no momento da sa\u00edda.<\/p>\n<h2>Quais erros as empresas devem evitar?<\/h2>\n<p>Alguns erros se repetem em opera\u00e7\u00f5es de feira. O primeiro \u00e9 contratar transporte apenas na semana do evento. Em per\u00edodos de alta demanda, isso reduz a disponibilidade de ve\u00edculos e limita as op\u00e7\u00f5es de frota.<\/p>\n<p>Outro erro comum \u00e9 informar o hor\u00e1rio do voo em vez do hor\u00e1rio desejado para o ve\u00edculo. O passageiro precisa definir quando quer sair, considerando tempo de deslocamento, anteced\u00eancia no aeroporto e eventuais paradas.<\/p>\n<p>Tamb\u00e9m \u00e9 importante informar a quantidade real de bagagens. Um grupo pequeno pode precisar de um ve\u00edculo maior se estiver transportando malas grandes, amostras, equipamentos ou materiais promocionais.<\/p>\n<p>Por fim, escolher apenas pelo menor pre\u00e7o pode sair caro. Atrasos, ve\u00edculos inadequados, falta de suporte e comunica\u00e7\u00e3o falha podem prejudicar reuni\u00f5es e comprometer a experi\u00eancia do cliente.<\/p>\n<h2>Checklist pr\u00e1tico para organizar o transporte da feira<\/h2>\n<ul>\n<li>Nome do evento e datas de participa\u00e7\u00e3o.<\/li>\n<li>Hor\u00e1rios de chegada e retorno.<\/li>\n<li>Dados completos dos voos.<\/li>\n<li>Hotel ou endere\u00e7o de hospedagem.<\/li>\n<li>N\u00famero de passageiros por deslocamento.<\/li>\n<li>Quantidade de bagagens e materiais adicionais.<\/li>\n<li>Necessidade de motorista bil\u00edngue ou tril\u00edngue.<\/li>\n<li>Tipo de ve\u00edculo desejado.<\/li>\n<li>Roteiro previsto para cada dia.<\/li>\n<li>Respons\u00e1vel pela comunica\u00e7\u00e3o da opera\u00e7\u00e3o.<\/li>\n<li>Necessidade de di\u00e1ria, disposi\u00e7\u00e3o por hora ou trajetos avulsos.<\/li>\n<li>Forma de pagamento e dados para faturamento, quando aplic\u00e1vel.<\/li>\n<\/ul>\n<h2>Como a GS Transfer apoia empresas em grandes feiras?<\/h2>\n<p>A GS Transfer atua com transporte executivo em S\u00e3o Paulo para empresas, aeroportos, hot\u00e9is, feiras, congressos, diretoria, clientes VIP e grupos. O atendimento \u00e9 privativo, com motoristas profissionais, frota moderna e planejamento conforme a necessidade de cada opera\u00e7\u00e3o.<\/p>\n<p>A empresa pode apoiar deslocamentos entre Guarulhos, Congonhas, Viracopos, hot\u00e9is, Expo Center Norte, restaurantes e regi\u00f5es corporativas de S\u00e3o Paulo. Tamb\u00e9m pode atender opera\u00e7\u00f5es com vans executivas, SUVs, sed\u00e3s, ve\u00edculos blindados e transporte para grupos maiores, conforme disponibilidade e perfil do servi\u00e7o.<\/p>\n<p>Para conhecer mais sobre a atua\u00e7\u00e3o institucional, acesse a p\u00e1gina da <a href=\"https:\/\/gstransfer.com.br\/\">GS Transfer<\/a>. Para aprofundar o tema de feiras, consulte tamb\u00e9m o artigo sobre <a href=\"https:\/\/gstransfer.com.br\/blog\/experiencias\/transporte-executivo-feiras-sp\/\">transporte executivo para feiras em S\u00e3o Paulo\u00a0<\/a><\/p>\n<p>Quando n\u00e3o contratar transporte executivo?<\/p>\n<p>O transporte executivo pode n\u00e3o ser necess\u00e1rio em deslocamentos individuais simples, sem hor\u00e1rio r\u00edgido, sem bagagem relevante e sem compromisso corporativo importante. Para uma visita informal e sem agenda definida, aplicativos ou t\u00e1xis podem atender.<\/p>\n<p>No entanto, quando h\u00e1 imagem empresarial envolvida, presen\u00e7a de clientes, diretoria, visitantes internacionais, grupos ou reuni\u00f5es estrat\u00e9gicas, o transporte executivo passa a ser uma escolha mais segura e profissional.<\/p>\n<p><a href=\"https:\/\/gstransfer.com.br\/blog\/eventos-expo-center-norte-setembro-2026-transporte-executivo\">https:\/\/gstransfer.com.br\/blog\/eventos-expo-center-norte-setembro-2026-transporte-executivo<\/a><\/p>\n<h2>Perguntas frequentes<\/h2>\n<h3>Qual \u00e9 o melhor momento para contratar transporte para uma feira?<\/h3>\n<p>O ideal \u00e9 iniciar o planejamento assim que a participa\u00e7\u00e3o no evento for confirmada. Em grandes feiras, a demanda por ve\u00edculos executivos e vans aumenta rapidamente. Reservar com anteced\u00eancia amplia a disponibilidade, facilita a escolha do ve\u00edculo adequado e permite organizar a opera\u00e7\u00e3o com mais precis\u00e3o.<\/p>\n<h3>Van executiva \u00e9 indicada para equipes comerciais?<\/h3>\n<p>Sim. A van executiva \u00e9 indicada para equipes hospedadas no mesmo hotel, grupos de expositores, compradores, influenciadores, visitantes internacionais e delega\u00e7\u00f5es. Ela permite chegada conjunta, reduz atrasos individuais e simplifica a comunica\u00e7\u00e3o durante a programa\u00e7\u00e3o da feira.<\/p>\n<h3>Como funciona o receptivo em aeroportos?<\/h3>\n<p>O receptivo em aeroportos envolve acompanhamento do voo, posicionamento do motorista, orienta\u00e7\u00e3o do passageiro e deslocamento at\u00e9 o destino definido. Esse servi\u00e7o reduz o risco de desencontros e melhora a experi\u00eancia de quem chega a S\u00e3o Paulo para uma feira ou compromisso corporativo.<\/p>\n<h3>Transporte executivo \u00e9 melhor que aplicativo para eventos?<\/h3>\n<p>Para deslocamentos simples, aplicativos podem funcionar. Para eventos, grupos, diretoria, visitantes estrangeiros, hor\u00e1rios de aeroporto e agendas corporativas, o transporte executivo oferece mais previsibilidade, reserva antecipada, motorista profissional, suporte operacional e ve\u00edculo compat\u00edvel com a necessidade do cliente.<\/p>\n<h3>Quais informa\u00e7\u00f5es devo enviar para solicitar or\u00e7amento?<\/h3>\n<p>Informe data, hor\u00e1rio desejado para o ve\u00edculo, origem, destino, n\u00famero de passageiros, quantidade de bagagens, dados do voo, tipo de ve\u00edculo, idioma necess\u00e1rio e se haver\u00e1 ida e volta ou ve\u00edculo \u00e0 disposi\u00e7\u00e3o. Essas informa\u00e7\u00f5es ajudam a dimensionar corretamente a opera\u00e7\u00e3o.<\/p>\n<h3>A GS Transfer atende empresas estrangeiras?<\/h3>\n<p>Sim. A GS Transfer atende visitantes internacionais, empresas estrangeiras, executivos, grupos e delega\u00e7\u00f5es que precisam de transporte privativo em S\u00e3o Paulo. O atendimento pode incluir aeroportos, hot\u00e9is, feiras, reuni\u00f5es, eventos corporativos e deslocamentos personalizados durante a estadia.<\/p>\n<h2>Conclus\u00e3o<\/h2>\n<p>Grandes feiras no Expo Center Norte representam oportunidades importantes para empresas que buscam gerar neg\u00f3cios, fortalecer relacionamentos e ampliar sua presen\u00e7a no mercado. No entanto, para aproveitar todo esse potencial, a log\u00edstica de transporte precisa ser planejada com o mesmo cuidado dedicado ao estande, \u00e0 equipe comercial e \u00e0 agenda de reuni\u00f5es.<\/p>\n<p>Uma opera\u00e7\u00e3o organizada reduz atrasos, evita desencontros, melhora a experi\u00eancia de clientes e convidados e transmite uma imagem mais profissional. Ao considerar aeroportos, hot\u00e9is, regi\u00f5es de S\u00e3o Paulo, hor\u00e1rios de pico, perfil dos passageiros e tipo de ve\u00edculo, a empresa ganha previsibilidade e efici\u00eancia durante todo o evento.<\/p>\n<p>A GS Transfer oferece solu\u00e7\u00f5es de transporte executivo em S\u00e3o Paulo para empresas, diretoria, clientes VIP, visitantes internacionais e grupos, com atendimento privativo, motoristas profissionais, frota moderna e planejamento personalizado para feiras, congressos, aeroportos, hot\u00e9is e eventos corporativos.<\/p>\n<p>Se sua empresa participar\u00e1 de uma grande feira no Expo Center Norte, solicite o or\u00e7amento com anteced\u00eancia. Informe data, hor\u00e1rio, origem, destino, n\u00famero de passageiros, bagagens e necessidades especiais para receber uma solu\u00e7\u00e3o compat\u00edvel com a import\u00e2ncia da sua opera\u00e7\u00e3o.<\/p>\n","protected":false},"excerpt":{"rendered":"<p>Como Planejar a Log\u00edstica de Transporte para Empresas Durante Grandes Feiras no Expo Center Norte Planejar a log\u00edstica de transporte para grandes feiras no Expo Center Norte \u00e9 essencial para empresas que desejam garantir pontualidade, conforto, seguran\u00e7a e melhor aproveitamento comercial em S\u00e3o Paulo. Uma opera\u00e7\u00e3o bem estruturada considera aeroportos, hot\u00e9is, hor\u00e1rios, n\u00famero de passageiros, [&hellip;]<\/p>\n","protected":false},"author":1,"featured_media":2506,"comment_status":"open","ping_status":"open","sticky":false,"template":"","format":"standard","meta":{"footnotes":""},"categories":[318],"tags":[796,257,115,88],"class_list":["post-2503","post","type-post","status-publish","format-standard","has-post-thumbnail","hentry","category-expo","tag-equipotel","tag-eventos-corporativos","tag-expo-center-norte","tag-transporte-executivo"],"yoast_head":"<!-- This site is optimized with the Yoast SEO Premium plugin v28.1 (Yoast SEO v28.4) - https:\/\/yoast.com\/product\/yoast-seo-premium-wordpress\/ -->\n<title>Log\u00edstica de Transporte para Feiras no Expo Center Norte &#183; Blog da GS Transfer<\/title>\n<meta name=\"description\" content=\"Planeje o transporte executivo para feiras no Expo Center Norte com mais efici\u00eancia. Veja dicas pr\u00e1ticas para empresas, grupos e executivos.\" \/>\n<meta name=\"robots\" content=\"index, follow, max-snippet:-1, max-image-preview:large, max-video-preview:-1\" \/>\n<link rel=\"canonical\" href=\"https:\/\/gstransfer.com.br\/blog\/expo\/logistica-transporte-feiras-expo-center-norte\/\" \/>\n<meta property=\"og:locale\" content=\"pt_BR\" \/>\n<meta property=\"og:type\" content=\"article\" \/>\n<meta property=\"og:title\" content=\"Log\u00edstica de Transporte para Feiras no Expo Center Norte\" \/>\n<meta property=\"og:description\" content=\"Como Planejar a Log\u00edstica de Transporte para Empresas Durante Grandes Feiras no Expo Center Norte Planejar a log\u00edstica de transporte para grandes feiras\" \/>\n<meta property=\"og:url\" content=\"https:\/\/gstransfer.com.br\/blog\/expo\/logistica-transporte-feiras-expo-center-norte\/\" \/>\n<meta property=\"og:site_name\" content=\"Blog da GS Transfer\" \/>\n<meta property=\"article:publisher\" content=\"https:\/\/pt-br.facebook.com\/gstransferSP\/\" \/>\n<meta property=\"article:published_time\" content=\"2026-08-06T13:00:26+00:00\" \/>\n<meta property=\"og:image\" content=\"https:\/\/gstransfer.com.br\/blog\/wp-content\/uploads\/2026\/08\/ChatGPT-Image-8-de-jul.-de-2026-08_38_43-1024x538.png\" \/>\n\t<meta property=\"og:image:width\" content=\"1024\" \/>\n\t<meta property=\"og:image:height\" content=\"538\" \/>\n\t<meta property=\"og:image:type\" content=\"image\/png\" \/>\n<meta name=\"author\" content=\"GS Transfer\" \/>\n<meta name=\"twitter:card\" content=\"summary_large_image\" \/>\n<meta name=\"twitter:label1\" content=\"Escrito por\" \/>\n\t<meta name=\"twitter:data1\" content=\"GS Transfer\" \/>\n\t<meta name=\"twitter:label2\" content=\"Est. tempo de leitura\" \/>\n\t<meta name=\"twitter:data2\" content=\"16 minutos\" \/>\n<script type=\"application\/ld+json\" class=\"yoast-schema-graph\">{\"@context\":\"https:\\\/\\\/schema.org\",\"@graph\":[{\"@type\":[\"Article\",\"BlogPosting\"],\"@id\":\"https:\\\/\\\/gstransfer.com.br\\\/blog\\\/expo\\\/logistica-transporte-feiras-expo-center-norte\\\/#article\",\"isPartOf\":{\"@id\":\"https:\\\/\\\/gstransfer.com.br\\\/blog\\\/expo\\\/logistica-transporte-feiras-expo-center-norte\\\/\"},\"author\":{\"name\":\"GS Transfer\",\"@id\":\"https:\\\/\\\/gstransfer.com.br\\\/blog\\\/#\\\/schema\\\/person\\\/cd30e1da5de5f7e9ddc9d80552b26dda\"},\"headline\":\"Log\u00edstica de Transporte para Feiras no Expo Center Norte\",\"datePublished\":\"2026-08-06T13:00:26+00:00\",\"mainEntityOfPage\":{\"@id\":\"https:\\\/\\\/gstransfer.com.br\\\/blog\\\/expo\\\/logistica-transporte-feiras-expo-center-norte\\\/\"},\"wordCount\":2996,\"commentCount\":0,\"publisher\":{\"@id\":\"https:\\\/\\\/gstransfer.com.br\\\/blog\\\/#organization\"},\"image\":{\"@id\":\"https:\\\/\\\/gstransfer.com.br\\\/blog\\\/expo\\\/logistica-transporte-feiras-expo-center-norte\\\/#primaryimage\"},\"thumbnailUrl\":\"https:\\\/\\\/gstransfer.com.br\\\/blog\\\/wp-content\\\/uploads\\\/2026\\\/08\\\/ChatGPT-Image-8-de-jul.-de-2026-08_38_43.png\",\"keywords\":[\"Equipotel\",\"eventos corporativos\",\"Expo Center Norte\",\"Transporte executivo\"],\"articleSection\":[\"Expo\"],\"inLanguage\":\"pt-BR\",\"potentialAction\":[{\"@type\":\"CommentAction\",\"name\":\"Comment\",\"target\":[\"https:\\\/\\\/gstransfer.com.br\\\/blog\\\/expo\\\/logistica-transporte-feiras-expo-center-norte\\\/#respond\"]}]},{\"@type\":\"WebPage\",\"@id\":\"https:\\\/\\\/gstransfer.com.br\\\/blog\\\/expo\\\/logistica-transporte-feiras-expo-center-norte\\\/\",\"url\":\"https:\\\/\\\/gstransfer.com.br\\\/blog\\\/expo\\\/logistica-transporte-feiras-expo-center-norte\\\/\",\"name\":\"Log\u00edstica de Transporte para Feiras no Expo Center Norte &#183; Blog da GS Transfer\",\"isPartOf\":{\"@id\":\"https:\\\/\\\/gstransfer.com.br\\\/blog\\\/#website\"},\"primaryImageOfPage\":{\"@id\":\"https:\\\/\\\/gstransfer.com.br\\\/blog\\\/expo\\\/logistica-transporte-feiras-expo-center-norte\\\/#primaryimage\"},\"image\":{\"@id\":\"https:\\\/\\\/gstransfer.com.br\\\/blog\\\/expo\\\/logistica-transporte-feiras-expo-center-norte\\\/#primaryimage\"},\"thumbnailUrl\":\"https:\\\/\\\/gstransfer.com.br\\\/blog\\\/wp-content\\\/uploads\\\/2026\\\/08\\\/ChatGPT-Image-8-de-jul.-de-2026-08_38_43.png\",\"datePublished\":\"2026-08-06T13:00:26+00:00\",\"description\":\"Planeje o transporte executivo para feiras no Expo Center Norte com mais efici\u00eancia. Veja dicas pr\u00e1ticas para empresas, grupos e executivos.\",\"breadcrumb\":{\"@id\":\"https:\\\/\\\/gstransfer.com.br\\\/blog\\\/expo\\\/logistica-transporte-feiras-expo-center-norte\\\/#breadcrumb\"},\"inLanguage\":\"pt-BR\",\"potentialAction\":[{\"@type\":\"ReadAction\",\"target\":[\"https:\\\/\\\/gstransfer.com.br\\\/blog\\\/expo\\\/logistica-transporte-feiras-expo-center-norte\\\/\"]}]},{\"@type\":\"ImageObject\",\"inLanguage\":\"pt-BR\",\"@id\":\"https:\\\/\\\/gstransfer.com.br\\\/blog\\\/expo\\\/logistica-transporte-feiras-expo-center-norte\\\/#primaryimage\",\"url\":\"https:\\\/\\\/gstransfer.com.br\\\/blog\\\/wp-content\\\/uploads\\\/2026\\\/08\\\/ChatGPT-Image-8-de-jul.-de-2026-08_38_43.png\",\"contentUrl\":\"https:\\\/\\\/gstransfer.com.br\\\/blog\\\/wp-content\\\/uploads\\\/2026\\\/08\\\/ChatGPT-Image-8-de-jul.-de-2026-08_38_43.png\",\"width\":1731,\"height\":909,\"caption\":\"Log\u00edstica de transporte executivo para empresas durante grandes eventos realizados no Expo Center Norte.\"},{\"@type\":\"BreadcrumbList\",\"@id\":\"https:\\\/\\\/gstransfer.com.br\\\/blog\\\/expo\\\/logistica-transporte-feiras-expo-center-norte\\\/#breadcrumb\",\"itemListElement\":[{\"@type\":\"ListItem\",\"position\":1,\"name\":\"In\u00edcio\",\"item\":\"https:\\\/\\\/gstransfer.com.br\\\/blog\\\/\"},{\"@type\":\"ListItem\",\"position\":2,\"name\":\"Expo\",\"item\":\"https:\\\/\\\/gstransfer.com.br\\\/blog\\\/categorias\\\/expo\\\/\"},{\"@type\":\"ListItem\",\"position\":3,\"name\":\"Log\u00edstica de Transporte para Feiras no Expo Center Norte\"}]},{\"@type\":\"WebSite\",\"@id\":\"https:\\\/\\\/gstransfer.com.br\\\/blog\\\/#website\",\"url\":\"https:\\\/\\\/gstransfer.com.br\\\/blog\\\/\",\"name\":\"Blog da GS Transfer\",\"description\":\"Dicas de Viagem e Transporte Executivo em SP\",\"publisher\":{\"@id\":\"https:\\\/\\\/gstransfer.com.br\\\/blog\\\/#organization\"},\"alternateName\":\"Blog GS Transfer\",\"potentialAction\":[{\"@type\":\"SearchAction\",\"target\":{\"@type\":\"EntryPoint\",\"urlTemplate\":\"https:\\\/\\\/gstransfer.com.br\\\/blog\\\/?s={search_term_string}\"},\"query-input\":{\"@type\":\"PropertyValueSpecification\",\"valueRequired\":true,\"valueName\":\"search_term_string\"}}],\"inLanguage\":\"pt-BR\"},{\"@type\":\"Organization\",\"@id\":\"https:\\\/\\\/gstransfer.com.br\\\/blog\\\/#organization\",\"name\":\"Blog GS Transfer\",\"alternateName\":\"Blog da GS Transfer\",\"url\":\"https:\\\/\\\/gstransfer.com.br\\\/blog\\\/\",\"logo\":{\"@type\":\"ImageObject\",\"inLanguage\":\"pt-BR\",\"@id\":\"https:\\\/\\\/gstransfer.com.br\\\/blog\\\/#\\\/schema\\\/logo\\\/image\\\/\",\"url\":\"https:\\\/\\\/gstransfer.com.br\\\/blog\\\/wp-content\\\/uploads\\\/2026\\\/07\\\/696x696.png\",\"contentUrl\":\"https:\\\/\\\/gstransfer.com.br\\\/blog\\\/wp-content\\\/uploads\\\/2026\\\/07\\\/696x696.png\",\"width\":696,\"height\":696,\"caption\":\"Blog GS Transfer\"},\"image\":{\"@id\":\"https:\\\/\\\/gstransfer.com.br\\\/blog\\\/#\\\/schema\\\/logo\\\/image\\\/\"},\"sameAs\":[\"https:\\\/\\\/pt-br.facebook.com\\\/gstransferSP\\\/\",\"https:\\\/\\\/www.instagram.com\\\/gstransfersp\",\"https:\\\/\\\/www.tripadvisor.com.br\\\/Attraction_Review-g303631-d17466444-Reviews-GS_Transfer_Transporte_Executivo-Sao_Paulo_State_of_Sao_Paulo.html\",\"https:\\\/\\\/br.linkedin.com\\\/company\\\/gs-transfer-e-turismo\"],\"description\":\"A GS Transfer \u00e9 uma empresa de transporte executivo com 10 anos de atua\u00e7\u00e3o em S\u00e3o Paulo e regi\u00e3o, e mais de 42.000 atendimentos realizados. Oferece traslados para aeroportos (Guarulhos, Congonhas e Viracopos), eventos corporativos, feiras, shows e viagens para o litoral e interior, com frota completa \u2014 pr\u00f3pria e rede de parceiros credenciados \u2014 que atende todas as categorias: sedans, ve\u00edculos de luxo, SUVs, blindados, vans, micro-\u00f4nibus e \u00f4nibus executivos. Conta com motoristas profissionais e bil\u00edngues, atendimento 24 horas e monitoramento em tempo real. \u00c9 recomendada no TripAdvisor e registrada no Cadastur.\",\"email\":\"contato@gstransfer.com.br\",\"telephone\":\"+55 (11) 2737-2681\",\"legalName\":\"GS Transfer\",\"foundingDate\":\"2016-07-01\",\"vatID\":\"24.763.257\\\/0001-63\",\"numberOfEmployees\":{\"@type\":\"QuantitativeValue\",\"minValue\":\"1\",\"maxValue\":\"10\"}},{\"@type\":\"Person\",\"@id\":\"https:\\\/\\\/gstransfer.com.br\\\/blog\\\/#\\\/schema\\\/person\\\/cd30e1da5de5f7e9ddc9d80552b26dda\",\"name\":\"GS Transfer\",\"image\":{\"@type\":\"ImageObject\",\"inLanguage\":\"pt-BR\",\"@id\":\"https:\\\/\\\/secure.gravatar.com\\\/avatar\\\/c5da0af1f163431fd615f7efecc5a090b3c62787f27e904ee19625ee23767c79?s=96&d=mm&r=g\",\"url\":\"https:\\\/\\\/secure.gravatar.com\\\/avatar\\\/c5da0af1f163431fd615f7efecc5a090b3c62787f27e904ee19625ee23767c79?s=96&d=mm&r=g\",\"contentUrl\":\"https:\\\/\\\/secure.gravatar.com\\\/avatar\\\/c5da0af1f163431fd615f7efecc5a090b3c62787f27e904ee19625ee23767c79?s=96&d=mm&r=g\",\"caption\":\"GS Transfer\"}}]}<\/script>\n<!-- \/ Yoast SEO Premium plugin. -->","yoast_head_json":{"title":"Log\u00edstica de Transporte para Feiras no Expo Center Norte &#183; Blog da GS Transfer","description":"Planeje o transporte executivo para feiras no Expo Center Norte com mais efici\u00eancia. Veja dicas pr\u00e1ticas para empresas, grupos e executivos.","robots":{"index":"index","follow":"follow","max-snippet":"max-snippet:-1","max-image-preview":"max-image-preview:large","max-video-preview":"max-video-preview:-1"},"canonical":"https:\/\/gstransfer.com.br\/blog\/expo\/logistica-transporte-feiras-expo-center-norte\/","og_locale":"pt_BR","og_type":"article","og_title":"Log\u00edstica de Transporte para Feiras no Expo Center Norte","og_description":"Como Planejar a Log\u00edstica de Transporte para Empresas Durante Grandes Feiras no Expo Center Norte Planejar a log\u00edstica de transporte para grandes feiras","og_url":"https:\/\/gstransfer.com.br\/blog\/expo\/logistica-transporte-feiras-expo-center-norte\/","og_site_name":"Blog da GS Transfer","article_publisher":"https:\/\/pt-br.facebook.com\/gstransferSP\/","article_published_time":"2026-08-06T13:00:26+00:00","og_image":[{"width":1024,"height":538,"url":"https:\/\/gstransfer.com.br\/blog\/wp-content\/uploads\/2026\/08\/ChatGPT-Image-8-de-jul.-de-2026-08_38_43-1024x538.png","type":"image\/png"}],"author":"GS Transfer","twitter_card":"summary_large_image","twitter_misc":{"Escrito por":"GS Transfer","Est. tempo de leitura":"16 minutos"},"schema":{"@context":"https:\/\/schema.org","@graph":[{"@type":["Article","BlogPosting"],"@id":"https:\/\/gstransfer.com.br\/blog\/expo\/logistica-transporte-feiras-expo-center-norte\/#article","isPartOf":{"@id":"https:\/\/gstransfer.com.br\/blog\/expo\/logistica-transporte-feiras-expo-center-norte\/"},"author":{"name":"GS Transfer","@id":"https:\/\/gstransfer.com.br\/blog\/#\/schema\/person\/cd30e1da5de5f7e9ddc9d80552b26dda"},"headline":"Log\u00edstica de Transporte para Feiras no Expo Center Norte","datePublished":"2026-08-06T13:00:26+00:00","mainEntityOfPage":{"@id":"https:\/\/gstransfer.com.br\/blog\/expo\/logistica-transporte-feiras-expo-center-norte\/"},"wordCount":2996,"commentCount":0,"publisher":{"@id":"https:\/\/gstransfer.com.br\/blog\/#organization"},"image":{"@id":"https:\/\/gstransfer.com.br\/blog\/expo\/logistica-transporte-feiras-expo-center-norte\/#primaryimage"},"thumbnailUrl":"https:\/\/gstransfer.com.br\/blog\/wp-content\/uploads\/2026\/08\/ChatGPT-Image-8-de-jul.-de-2026-08_38_43.png","keywords":["Equipotel","eventos corporativos","Expo Center Norte","Transporte executivo"],"articleSection":["Expo"],"inLanguage":"pt-BR","potentialAction":[{"@type":"CommentAction","name":"Comment","target":["https:\/\/gstransfer.com.br\/blog\/expo\/logistica-transporte-feiras-expo-center-norte\/#respond"]}]},{"@type":"WebPage","@id":"https:\/\/gstransfer.com.br\/blog\/expo\/logistica-transporte-feiras-expo-center-norte\/","url":"https:\/\/gstransfer.com.br\/blog\/expo\/logistica-transporte-feiras-expo-center-norte\/","name":"Log\u00edstica de Transporte para Feiras no Expo Center Norte &#183; Blog da GS Transfer","isPartOf":{"@id":"https:\/\/gstransfer.com.br\/blog\/#website"},"primaryImageOfPage":{"@id":"https:\/\/gstransfer.com.br\/blog\/expo\/logistica-transporte-feiras-expo-center-norte\/#primaryimage"},"image":{"@id":"https:\/\/gstransfer.com.br\/blog\/expo\/logistica-transporte-feiras-expo-center-norte\/#primaryimage"},"thumbnailUrl":"https:\/\/gstransfer.com.br\/blog\/wp-content\/uploads\/2026\/08\/ChatGPT-Image-8-de-jul.-de-2026-08_38_43.png","datePublished":"2026-08-06T13:00:26+00:00","description":"Planeje o transporte executivo para feiras no Expo Center Norte com mais efici\u00eancia. Veja dicas pr\u00e1ticas para empresas, grupos e executivos.","breadcrumb":{"@id":"https:\/\/gstransfer.com.br\/blog\/expo\/logistica-transporte-feiras-expo-center-norte\/#breadcrumb"},"inLanguage":"pt-BR","potentialAction":[{"@type":"ReadAction","target":["https:\/\/gstransfer.com.br\/blog\/expo\/logistica-transporte-feiras-expo-center-norte\/"]}]},{"@type":"ImageObject","inLanguage":"pt-BR","@id":"https:\/\/gstransfer.com.br\/blog\/expo\/logistica-transporte-feiras-expo-center-norte\/#primaryimage","url":"https:\/\/gstransfer.com.br\/blog\/wp-content\/uploads\/2026\/08\/ChatGPT-Image-8-de-jul.-de-2026-08_38_43.png","contentUrl":"https:\/\/gstransfer.com.br\/blog\/wp-content\/uploads\/2026\/08\/ChatGPT-Image-8-de-jul.-de-2026-08_38_43.png","width":1731,"height":909,"caption":"Log\u00edstica de transporte executivo para empresas durante grandes eventos realizados no Expo Center Norte."},{"@type":"BreadcrumbList","@id":"https:\/\/gstransfer.com.br\/blog\/expo\/logistica-transporte-feiras-expo-center-norte\/#breadcrumb","itemListElement":[{"@type":"ListItem","position":1,"name":"In\u00edcio","item":"https:\/\/gstransfer.com.br\/blog\/"},{"@type":"ListItem","position":2,"name":"Expo","item":"https:\/\/gstransfer.com.br\/blog\/categorias\/expo\/"},{"@type":"ListItem","position":3,"name":"Log\u00edstica de Transporte para Feiras no Expo Center Norte"}]},{"@type":"WebSite","@id":"https:\/\/gstransfer.com.br\/blog\/#website","url":"https:\/\/gstransfer.com.br\/blog\/","name":"Blog da GS Transfer","description":"Dicas de Viagem e Transporte Executivo em SP","publisher":{"@id":"https:\/\/gstransfer.com.br\/blog\/#organization"},"alternateName":"Blog GS Transfer","potentialAction":[{"@type":"SearchAction","target":{"@type":"EntryPoint","urlTemplate":"https:\/\/gstransfer.com.br\/blog\/?s={search_term_string}"},"query-input":{"@type":"PropertyValueSpecification","valueRequired":true,"valueName":"search_term_string"}}],"inLanguage":"pt-BR"},{"@type":"Organization","@id":"https:\/\/gstransfer.com.br\/blog\/#organization","name":"Blog GS Transfer","alternateName":"Blog da GS Transfer","url":"https:\/\/gstransfer.com.br\/blog\/","logo":{"@type":"ImageObject","inLanguage":"pt-BR","@id":"https:\/\/gstransfer.com.br\/blog\/#\/schema\/logo\/image\/","url":"https:\/\/gstransfer.com.br\/blog\/wp-content\/uploads\/2026\/07\/696x696.png","contentUrl":"https:\/\/gstransfer.com.br\/blog\/wp-content\/uploads\/2026\/07\/696x696.png","width":696,"height":696,"caption":"Blog GS Transfer"},"image":{"@id":"https:\/\/gstransfer.com.br\/blog\/#\/schema\/logo\/image\/"},"sameAs":["https:\/\/pt-br.facebook.com\/gstransferSP\/","https:\/\/www.instagram.com\/gstransfersp","https:\/\/www.tripadvisor.com.br\/Attraction_Review-g303631-d17466444-Reviews-GS_Transfer_Transporte_Executivo-Sao_Paulo_State_of_Sao_Paulo.html","https:\/\/br.linkedin.com\/company\/gs-transfer-e-turismo"],"description":"A GS Transfer \u00e9 uma empresa de transporte executivo com 10 anos de atua\u00e7\u00e3o em S\u00e3o Paulo e regi\u00e3o, e mais de 42.000 atendimentos realizados. Oferece traslados para aeroportos (Guarulhos, Congonhas e Viracopos), eventos corporativos, feiras, shows e viagens para o litoral e interior, com frota completa \u2014 pr\u00f3pria e rede de parceiros credenciados \u2014 que atende todas as categorias: sedans, ve\u00edculos de luxo, SUVs, blindados, vans, micro-\u00f4nibus e \u00f4nibus executivos. Conta com motoristas profissionais e bil\u00edngues, atendimento 24 horas e monitoramento em tempo real. \u00c9 recomendada no TripAdvisor e registrada no Cadastur.","email":"contato@gstransfer.com.br","telephone":"+55 (11) 2737-2681","legalName":"GS Transfer","foundingDate":"2016-07-01","vatID":"24.763.257\/0001-63","numberOfEmployees":{"@type":"QuantitativeValue","minValue":"1","maxValue":"10"}},{"@type":"Person","@id":"https:\/\/gstransfer.com.br\/blog\/#\/schema\/person\/cd30e1da5de5f7e9ddc9d80552b26dda","name":"GS Transfer","image":{"@type":"ImageObject","inLanguage":"pt-BR","@id":"https:\/\/secure.gravatar.com\/avatar\/c5da0af1f163431fd615f7efecc5a090b3c62787f27e904ee19625ee23767c79?s=96&d=mm&r=g","url":"https:\/\/secure.gravatar.com\/avatar\/c5da0af1f163431fd615f7efecc5a090b3c62787f27e904ee19625ee23767c79?s=96&d=mm&r=g","contentUrl":"https:\/\/secure.gravatar.com\/avatar\/c5da0af1f163431fd615f7efecc5a090b3c62787f27e904ee19625ee23767c79?s=96&d=mm&r=g","caption":"GS Transfer"}}]}},"_links":{"self":[{"href":"https:\/\/gstransfer.com.br\/blog\/wp-json\/wp\/v2\/posts\/2503","targetHints":{"allow":["GET"]}}],"collection":[{"href":"https:\/\/gstransfer.com.br\/blog\/wp-json\/wp\/v2\/posts"}],"about":[{"href":"https:\/\/gstransfer.com.br\/blog\/wp-json\/wp\/v2\/types\/post"}],"author":[{"embeddable":true,"href":"https:\/\/gstransfer.com.br\/blog\/wp-json\/wp\/v2\/users\/1"}],"replies":[{"embeddable":true,"href":"https:\/\/gstransfer.com.br\/blog\/wp-json\/wp\/v2\/comments?post=2503"}],"version-history":[{"count":2,"href":"https:\/\/gstransfer.com.br\/blog\/wp-json\/wp\/v2\/posts\/2503\/revisions"}],"predecessor-version":[{"id":2507,"href":"https:\/\/gstransfer.com.br\/blog\/wp-json\/wp\/v2\/posts\/2503\/revisions\/2507"}],"wp:featuredmedia":[{"embeddable":true,"href":"https:\/\/gstransfer.com.br\/blog\/wp-json\/wp\/v2\/media\/2506"}],"wp:attachment":[{"href":"https:\/\/gstransfer.com.br\/blog\/wp-json\/wp\/v2\/media?parent=2503"}],"wp:term":[{"taxonomy":"category","embeddable":true,"href":"https:\/\/gstransfer.com.br\/blog\/wp-json\/wp\/v2\/categories?post=2503"},{"taxonomy":"post_tag","embeddable":true,"href":"https:\/\/gstransfer.com.br\/blog\/wp-json\/wp\/v2\/tags?post=2503"}],"curies":[{"name":"wp","href":"https:\/\/api.w.org\/{rel}","templated":true}]}}