{"id":2905,"date":"2026-07-22T16:53:46","date_gmt":"2026-07-22T19:53:46","guid":{"rendered":"https:\/\/gstransfer.com.br\/blog\/expo\/transporte-executivo-para-feiras-e-eventos-em-sao-paulo\/"},"modified":"2026-08-21T11:39:39","modified_gmt":"2026-08-21T14:39:39","slug":"transporte-executivo-para-feiras-e-eventos-em-sao-paulo","status":"publish","type":"post","link":"https:\/\/gstransfer.com.br\/blog\/expo\/transporte-executivo-para-feiras-e-eventos-em-sao-paulo\/","title":{"rendered":"Transporte para Eventos em S\u00e3o Paulo | GS Transfer"},"content":{"rendered":"<h1>Transporte para eventos em S\u00e3o Paulo: como planejar a opera\u00e7\u00e3o<\/h1>\n<p>O <a href=\"https:\/\/gstransfer.com.br\/\">transporte para eventos<\/a> em S\u00e3o Paulo exige planejamento porque feiras, congressos, conven\u00e7\u00f5es e encontros corporativos concentram pessoas, ve\u00edculos e hor\u00e1rios em regi\u00f5es de grande circula\u00e7\u00e3o. Al\u00e9m disso, muitos participantes chegam por aeroportos, hot\u00e9is e escrit\u00f3rios diferentes. Por isso, definir rotas, hor\u00e1rios, capacidade dos ve\u00edculos, bagagens e pontos de embarque antes do evento reduz improvisos e melhora a experi\u00eancia de passageiros e contratantes.<\/p>\n<p>Desde 2016, a GS Transfer atua com transporte executivo privativo e personalizado em S\u00e3o Paulo e Grande S\u00e3o Paulo. A empresa atende executivos, equipes, visitantes internacionais, organizadores de eventos e grupos, sempre conforme planejamento pr\u00e9vio, perfil da opera\u00e7\u00e3o e disponibilidade. Assim, cada atendimento pode ser estruturado para um passageiro, uma equipe ou uma opera\u00e7\u00e3o com v\u00e1rios ve\u00edculos.<\/p>\n<figure id=\"attachment_3227\" aria-describedby=\"caption-attachment-3227\" style=\"width: 300px\" class=\"wp-caption aligncenter\"><img fetchpriority=\"high\" decoding=\"async\" class=\"size-medium wp-image-3227\" src=\"https:\/\/gstransfer.com.br\/blog\/wp-content\/uploads\/2026\/07\/Imagem_Destacada_Transporte_Feiras_Eventos_Sao_Paulo_GS_Transfer-1-300x169.png\" alt=\"Transporte para eventos em S\u00e3o Paulo com ve\u00edculos executivos da GS Transfer\" width=\"300\" height=\"169\" srcset=\"https:\/\/gstransfer.com.br\/blog\/wp-content\/uploads\/2026\/07\/Imagem_Destacada_Transporte_Feiras_Eventos_Sao_Paulo_GS_Transfer-1-300x169.png 300w, https:\/\/gstransfer.com.br\/blog\/wp-content\/uploads\/2026\/07\/Imagem_Destacada_Transporte_Feiras_Eventos_Sao_Paulo_GS_Transfer-1-1024x576.png 1024w, https:\/\/gstransfer.com.br\/blog\/wp-content\/uploads\/2026\/07\/Imagem_Destacada_Transporte_Feiras_Eventos_Sao_Paulo_GS_Transfer-1-768x432.png 768w, https:\/\/gstransfer.com.br\/blog\/wp-content\/uploads\/2026\/07\/Imagem_Destacada_Transporte_Feiras_Eventos_Sao_Paulo_GS_Transfer-1.png 1200w\" sizes=\"(max-width: 300px) 100vw, 300px\" \/><figcaption id=\"caption-attachment-3227\" class=\"wp-caption-text\">Transporte executivo para feiras, congressos e eventos em S\u00e3o Paulo.<\/figcaption><\/figure>\n<h2>Por que o transporte para eventos precisa de planejamento?<\/h2>\n<p>Eventos corporativos costumam ter hor\u00e1rios r\u00edgidos de credenciamento, palestras, reuni\u00f5es e encerramento. Ao mesmo tempo, o tr\u00e2nsito de S\u00e3o Paulo pode variar de acordo com o dia, o hor\u00e1rio, a regi\u00e3o e o volume de p\u00fablico. Nesse cen\u00e1rio, o deslocamento n\u00e3o deve ser tratado apenas como o trajeto entre dois endere\u00e7os.<\/p>\n<p>Uma opera\u00e7\u00e3o bem organizada come\u00e7a pelo levantamento de informa\u00e7\u00f5es: origem e destino, quantidade de passageiros, hor\u00e1rios, bagagens, equipamentos, necessidade de paradas e programa\u00e7\u00e3o de retorno. Depois disso, \u00e9 poss\u00edvel definir a categoria de ve\u00edculo e a log\u00edstica mais adequadas. Dessa forma, o transporte para eventos passa a integrar o planejamento do compromisso, e n\u00e3o a ser uma decis\u00e3o de \u00faltima hora.<\/p>\n<h2>Transporte para eventos em centros de exposi\u00e7\u00f5es de S\u00e3o Paulo<\/h2>\n<p>S\u00e3o Paulo recebe feiras e congressos em diferentes regi\u00f5es da cidade. Entre os espa\u00e7os mais conhecidos est\u00e3o o S\u00e3o Paulo Expo, o Expo Center Norte, o Transamerica Expo Center, o Distrito Anhembi e o Pro Magno. Cada local tem caracter\u00edsticas pr\u00f3prias de acesso, fluxo de ve\u00edculos e programa\u00e7\u00e3o.<\/p>\n<p>O <a href=\"https:\/\/www.saopauloexpo.com.br\/pt\/visitante\/\">S\u00e3o Paulo Expo<\/a>, por exemplo, mant\u00e9m informa\u00e7\u00f5es oficiais para visitantes sobre acesso e agenda. J\u00e1 o <a href=\"https:\/\/www.expocenternorte.com.br\/\">Expo Center Norte<\/a> publica dados do espa\u00e7o, endere\u00e7o e calend\u00e1rio de eventos. Consultar a programa\u00e7\u00e3o oficial ajuda a dimensionar hor\u00e1rios e antecipar per\u00edodos de maior movimento.<\/p>\n<p>Para quem participa de um evento no S\u00e3o Paulo Expo, tamb\u00e9m vale consultar nosso conte\u00fado espec\u00edfico sobre <strong data-start=\"1051\" data-end=\"1102\">planejamento de deslocamentos no S\u00e3o Paulo Expo<\/strong>, com orienta\u00e7\u00f5es voltadas \u00e0 organiza\u00e7\u00e3o do servi\u00e7o.<\/p>\n<h2>Como escolher o ve\u00edculo para feiras e congressos?<\/h2>\n<p>A escolha do ve\u00edculo n\u00e3o deve considerar apenas o n\u00famero de passageiros. Bagagens, materiais de trabalho, dura\u00e7\u00e3o do deslocamento, acessibilidade e perfil do grupo tamb\u00e9m influenciam a defini\u00e7\u00e3o.<\/p>\n<p>A estrutura operacional da GS Transfer permite organizar atendimentos com sedans executivos para at\u00e9 3 passageiros, SUVs executivos para at\u00e9 4, vans executivas com configura\u00e7\u00f5es de 15, 18 ou 20 passageiros, micro-\u00f4nibus executivos com 30 ou 34 lugares e \u00f4nibus executivos com 46 ou 50 lugares. No entanto, a capacidade final depende da configura\u00e7\u00e3o do ve\u00edculo, das bagagens e das necessidades espec\u00edficas de cada opera\u00e7\u00e3o.<\/p>\n<p>Quando houver necessidade de prote\u00e7\u00e3o adicional, tamb\u00e9m podem ser avaliados sedans, SUVs e vans blindadas, conforme disponibilidade e anteced\u00eancia. Portanto, o ideal \u00e9 informar todos os detalhes antes da proposta para que a categoria seja definida com seguran\u00e7a.<\/p>\n<h2>Transporte para eventos para empresas e equipes<\/h2>\n<p>Empresas que enviam executivos, equipes comerciais, palestrantes ou convidados para uma feira precisam coordenar hor\u00e1rios que nem sempre s\u00e3o iguais. Por exemplo, parte do grupo pode chegar de manh\u00e3, enquanto outro passageiro desembarca no aeroporto \u00e0 tarde. Al\u00e9m disso, alguns participantes podem ter reuni\u00f5es fora do pavilh\u00e3o.<\/p>\n<p>Nessas situa\u00e7\u00f5es, o transporte para eventos pode ser organizado com transfers pontuais ou com motorista executivo \u00e0 disposi\u00e7\u00e3o por per\u00edodo contratado. Essa segunda modalidade \u00e9 \u00fatil quando a agenda envolve v\u00e1rias etapas, como hotel, evento, reuni\u00e3o, jantar corporativo e retorno.<\/p>\n<p>A GS Transfer tamb\u00e9m pode coordenar opera\u00e7\u00f5es com m\u00faltiplos ve\u00edculos. Assim, grupos de diferentes portes podem seguir uma programa\u00e7\u00e3o comum sem depender de uma \u00fanica configura\u00e7\u00e3o de transporte.<\/p>\n<h2>Aeroportos, hot\u00e9is e centros de eventos<\/h2>\n<p>Muitos visitantes chegam a S\u00e3o Paulo pelos aeroportos de Guarulhos (GRU), Congonhas (CGH) e Viracopos (VCP). Por isso, o planejamento pode come\u00e7ar ainda no desembarque e continuar at\u00e9 o hotel, centro de exposi\u00e7\u00f5es, escrit\u00f3rio ou restaurante.<\/p>\n<p>Quando contratado, o receptivo aeroportu\u00e1rio \u00e9 realizado por uma equipe especializada, distinta do motorista. O profissional recebe o passageiro na \u00e1rea de desembarque e o acompanha at\u00e9 o ve\u00edculo, respeitando as condi\u00e7\u00f5es contratadas. Para entender melhor esse servi\u00e7o, veja o conte\u00fado sobre <a href=\"https:\/\/gstransfer.com.br\/blog\/aeroportos\/receptivo-vip-em-congonhas-e-guarulhos\/\">receptivo VIP em Congonhas e Guarulhos<\/a>.<\/p>\n<p>Al\u00e9m disso, o acompanhamento de informa\u00e7\u00f5es de voo pode apoiar o planejamento operacional quando aplic\u00e1vel. Entretanto, altera\u00e7\u00f5es relevantes de voo, aeroporto ou programa\u00e7\u00e3o devem ser comunicadas para que a opera\u00e7\u00e3o seja reavaliada conforme as condi\u00e7\u00f5es contratadas.<\/p>\n<h2>Visitantes internacionais e atendimento multil\u00edngue<\/h2>\n<p>Feiras e congressos em S\u00e3o Paulo recebem profissionais de diferentes pa\u00edses. Nesse contexto, a comunica\u00e7\u00e3o durante o deslocamento pode ser t\u00e3o importante quanto a escolha do ve\u00edculo. A GS Transfer oferece atendimento em portugu\u00eas e, conforme solicita\u00e7\u00e3o e disponibilidade operacional, pode organizar motoristas com outros idiomas.<\/p>\n<p>Para idiomas especializados, a disponibilidade deve ser confirmada com anteced\u00eancia. Por isso, empresas que receber\u00e3o delega\u00e7\u00f5es estrangeiras devem informar o idioma desejado j\u00e1 na solicita\u00e7\u00e3o do or\u00e7amento.<\/p>\n<h2>Como organizar o retorno ap\u00f3s o evento?<\/h2>\n<p>O retorno costuma concentrar grande volume de passageiros em um per\u00edodo curto. Al\u00e9m disso, encerramentos podem variar alguns minutos conforme a programa\u00e7\u00e3o. Por esse motivo, o contratante deve informar o hor\u00e1rio previsto de sa\u00edda, o destino e qualquer parada adicional.<\/p>\n<p>Em opera\u00e7\u00f5es com grupos, tamb\u00e9m \u00e9 importante definir previamente o ponto de encontro. Dessa forma, o motorista e a equipe de coordena\u00e7\u00e3o conseguem trabalhar com uma refer\u00eancia clara, evitando decis\u00f5es improvisadas no momento de maior fluxo.<\/p>\n<p>Quando a programa\u00e7\u00e3o envolve grandes eventos esportivos ou de entretenimento, a din\u00e2mica pode ser diferente de uma feira corporativa. Um exemplo \u00e9 o <a href=\"https:\/\/gstransfer.com.br\/blog\/eventos\/transporte-para-a-formula-1-em-interlagos\/\">transporte para F\u00f3rmula 1 em Interlagos<\/a>, que exige aten\u00e7\u00e3o especial a acessos, hor\u00e1rios e restri\u00e7\u00f5es operacionais.<\/p>\n<h2>O que informar para solicitar um or\u00e7amento?<\/h2>\n<p>Quanto mais completo o pedido, mais precisa tende a ser a proposta. Para cotar um transporte para eventos em S\u00e3o Paulo, informe data, hor\u00e1rios, endere\u00e7os de embarque e destino, quantidade de passageiros, bagagens, n\u00famero de dias, poss\u00edveis paradas, perfil do grupo e qualquer necessidade espec\u00edfica.<\/p>\n<p>Se houver v\u00e1rios voos, hot\u00e9is ou ve\u00edculos, envie tamb\u00e9m a programa\u00e7\u00e3o consolidada. Assim, a equipe consegue analisar a opera\u00e7\u00e3o como um conjunto e n\u00e3o como deslocamentos isolados.<\/p>\n<h2>Perguntas frequentes sobre transporte para eventos<\/h2>\n<h3>Com quanto tempo de anteced\u00eancia devo reservar?<\/h3>\n<p>A anteced\u00eancia ideal varia conforme o evento, a quantidade de ve\u00edculos e a categoria desejada. Em per\u00edodos de alta demanda, solicitar o or\u00e7amento com anteced\u00eancia amplia as possibilidades de planejamento e disponibilidade.<\/p>\n<h3>A GS Transfer atende grupos grandes?<\/h3>\n<p>Sim. A opera\u00e7\u00e3o pode envolver vans, micro-\u00f4nibus, \u00f4nibus e m\u00faltiplos ve\u00edculos, conforme n\u00famero de passageiros, bagagens, roteiro e disponibilidade.<\/p>\n<h3>\u00c9 poss\u00edvel contratar motorista \u00e0 disposi\u00e7\u00e3o durante a feira?<\/h3>\n<p>Sim. O motorista executivo \u00e0 disposi\u00e7\u00e3o pode ser contratado por per\u00edodo definido, conforme itiner\u00e1rio e condi\u00e7\u00f5es da proposta. Essa modalidade costuma atender bem agendas com v\u00e1rias etapas.<\/p>\n<h3>O servi\u00e7o pode come\u00e7ar no aeroporto?<\/h3>\n<p>Sim. A GS Transfer realiza transfers nos aeroportos de Guarulhos, Congonhas e Viracopos, conectando o passageiro a hot\u00e9is, empresas, eventos e outros destinos previstos na programa\u00e7\u00e3o.<\/p>\n<h3>O transporte para eventos inclui receptivo aeroportu\u00e1rio?<\/h3>\n<p>O receptivo \u00e9 um servi\u00e7o adicional e deve ser contratado. Quando inclu\u00eddo, uma equipe especializada, distinta do motorista, recebe o passageiro na \u00e1rea de desembarque e o acompanha at\u00e9 o ve\u00edculo.<\/p>\n<h3>H\u00e1 op\u00e7\u00f5es para visitantes estrangeiros?<\/h3>\n<p>Sim. A GS Transfer atende visitantes internacionais e pode organizar suporte multil\u00edngue conforme solicita\u00e7\u00e3o e disponibilidade operacional.<\/p>\n<h2>Planeje seu transporte para eventos em S\u00e3o Paulo<\/h2>\n<p>O transporte para eventos funciona melhor quando faz parte do planejamento desde o in\u00edcio. Definir hor\u00e1rios, passageiros, bagagens, centros de eventos, aeroportos e pontos de encontro permite estruturar uma opera\u00e7\u00e3o compat\u00edvel com a agenda do grupo.<\/p>\n<p>Fundada em 2016 e com mais de 42.000 atendimentos realizados, a GS Transfer atua com transporte executivo privativo para empresas, executivos, visitantes internacionais, feiras, congressos e grupos. Para receber uma proposta, <a href=\"https:\/\/wa.me\/551127372681\">fale com a GS Transfer pelo WhatsApp<\/a> e envie os dados da sua programa\u00e7\u00e3o.<\/p>\n","protected":false},"excerpt":{"rendered":"<p>Transporte para eventos em S\u00e3o Paulo: como planejar a opera\u00e7\u00e3o O transporte para eventos em S\u00e3o Paulo exige planejamento porque feiras, congressos, conven\u00e7\u00f5es e encontros corporativos concentram pessoas, ve\u00edculos e hor\u00e1rios em regi\u00f5es de grande circula\u00e7\u00e3o. Al\u00e9m disso, muitos participantes chegam por aeroportos, hot\u00e9is e escrit\u00f3rios diferentes. Por isso, definir rotas, hor\u00e1rios, capacidade dos ve\u00edculos, [&hellip;]<\/p>\n","protected":false},"author":4,"featured_media":2240,"comment_status":"open","ping_status":"open","sticky":false,"template":"","format":"standard","meta":{"footnotes":""},"categories":[318],"tags":[300,115,395,824,168,517,88,288],"class_list":["post-2905","post","type-post","status-publish","format-standard","has-post-thumbnail","hentry","category-expo","tag-eventos-em-sao-paulo","tag-expo-center-norte","tag-feiras-e-congressos","tag-motorista-a-disposicao","tag-sao-paulo-expo","tag-transamerica-expo-center","tag-transporte-executivo","tag-transporte-para-eventos"],"yoast_head":"<!-- This site is optimized with the Yoast SEO Premium plugin v28.1 (Yoast SEO v28.4) - https:\/\/yoast.com\/product\/yoast-seo-premium-wordpress\/ -->\n<title>Transporte para Eventos em S\u00e3o Paulo | GS Transfer<\/title>\n<meta name=\"description\" content=\"Transporte para eventos em S\u00e3o Paulo com sedans, vans, micro-\u00f4nibus e \u00f4nibus. Planeje sua opera\u00e7\u00e3o com a GS Transfer.\" \/>\n<meta name=\"robots\" content=\"index, follow, max-snippet:-1, max-image-preview:large, max-video-preview:-1\" \/>\n<link rel=\"canonical\" href=\"https:\/\/gstransfer.com.br\/blog\/expo\/transporte-executivo-para-feiras-e-eventos-em-sao-paulo\/\" \/>\n<meta property=\"og:locale\" content=\"pt_BR\" \/>\n<meta property=\"og:type\" content=\"article\" \/>\n<meta property=\"og:title\" content=\"Transporte para Eventos em S\u00e3o Paulo | GS Transfer\" \/>\n<meta property=\"og:description\" content=\"Transporte para eventos em S\u00e3o Paulo: como planejar a opera\u00e7\u00e3o O transporte para eventos em S\u00e3o Paulo exige planejamento porque feiras, congressos,\" \/>\n<meta property=\"og:url\" content=\"https:\/\/gstransfer.com.br\/blog\/expo\/transporte-executivo-para-feiras-e-eventos-em-sao-paulo\/\" \/>\n<meta property=\"og:site_name\" content=\"Blog da GS Transfer\" \/>\n<meta property=\"article:publisher\" content=\"https:\/\/pt-br.facebook.com\/gstransferSP\/\" \/>\n<meta property=\"article:published_time\" content=\"2026-07-22T19:53:46+00:00\" \/>\n<meta property=\"article:modified_time\" content=\"2026-08-21T14:39:39+00:00\" \/>\n<meta property=\"og:image\" content=\"https:\/\/gstransfer.com.br\/blog\/wp-content\/uploads\/2026\/02\/ChatGPT-Image-21-de-fev.-de-2026-16_36_04-1024x683.png\" \/>\n\t<meta property=\"og:image:width\" content=\"1024\" \/>\n\t<meta property=\"og:image:height\" content=\"683\" \/>\n\t<meta property=\"og:image:type\" content=\"image\/png\" \/>\n<meta name=\"author\" content=\"F\u00e1bia\" \/>\n<meta name=\"twitter:card\" content=\"summary_large_image\" \/>\n<meta name=\"twitter:label1\" content=\"Escrito por\" \/>\n\t<meta name=\"twitter:data1\" content=\"F\u00e1bia\" \/>\n\t<meta name=\"twitter:label2\" content=\"Est. tempo de leitura\" \/>\n\t<meta name=\"twitter:data2\" content=\"8 minutos\" \/>\n<script type=\"application\/ld+json\" class=\"yoast-schema-graph\">{\"@context\":\"https:\\\/\\\/schema.org\",\"@graph\":[{\"@type\":[\"Article\",\"BlogPosting\"],\"@id\":\"https:\\\/\\\/gstransfer.com.br\\\/blog\\\/expo\\\/transporte-executivo-para-feiras-e-eventos-em-sao-paulo\\\/#article\",\"isPartOf\":{\"@id\":\"https:\\\/\\\/gstransfer.com.br\\\/blog\\\/expo\\\/transporte-executivo-para-feiras-e-eventos-em-sao-paulo\\\/\"},\"author\":{\"name\":\"F\u00e1bia\",\"@id\":\"https:\\\/\\\/gstransfer.com.br\\\/blog\\\/#\\\/schema\\\/person\\\/0513a360ccd3dcf42b8118a86655242b\"},\"headline\":\"Transporte para Eventos em S\u00e3o Paulo | GS Transfer\",\"datePublished\":\"2026-07-22T19:53:46+00:00\",\"dateModified\":\"2026-08-21T14:39:39+00:00\",\"mainEntityOfPage\":{\"@id\":\"https:\\\/\\\/gstransfer.com.br\\\/blog\\\/expo\\\/transporte-executivo-para-feiras-e-eventos-em-sao-paulo\\\/\"},\"wordCount\":1536,\"commentCount\":0,\"publisher\":{\"@id\":\"https:\\\/\\\/gstransfer.com.br\\\/blog\\\/#organization\"},\"image\":{\"@id\":\"https:\\\/\\\/gstransfer.com.br\\\/blog\\\/expo\\\/transporte-executivo-para-feiras-e-eventos-em-sao-paulo\\\/#primaryimage\"},\"thumbnailUrl\":\"https:\\\/\\\/gstransfer.com.br\\\/blog\\\/wp-content\\\/uploads\\\/2026\\\/02\\\/ChatGPT-Image-21-de-fev.-de-2026-16_36_04.png\",\"keywords\":[\"eventos em s\u00e3o Paulo\",\"Expo Center Norte\",\"Feiras e Congressos\",\"motorista \u00e0 disposi\u00e7\u00e3o\",\"S\u00e3o Paulo Expo\",\"Transam\u00e9rica Expo Center\",\"Transporte executivo\",\"transporte para eventos\"],\"articleSection\":[\"Expo\"],\"inLanguage\":\"pt-BR\",\"potentialAction\":[{\"@type\":\"CommentAction\",\"name\":\"Comment\",\"target\":[\"https:\\\/\\\/gstransfer.com.br\\\/blog\\\/expo\\\/transporte-executivo-para-feiras-e-eventos-em-sao-paulo\\\/#respond\"]}]},{\"@type\":\"WebPage\",\"@id\":\"https:\\\/\\\/gstransfer.com.br\\\/blog\\\/expo\\\/transporte-executivo-para-feiras-e-eventos-em-sao-paulo\\\/\",\"url\":\"https:\\\/\\\/gstransfer.com.br\\\/blog\\\/expo\\\/transporte-executivo-para-feiras-e-eventos-em-sao-paulo\\\/\",\"name\":\"Transporte para Eventos em S\u00e3o Paulo | GS Transfer\",\"isPartOf\":{\"@id\":\"https:\\\/\\\/gstransfer.com.br\\\/blog\\\/#website\"},\"primaryImageOfPage\":{\"@id\":\"https:\\\/\\\/gstransfer.com.br\\\/blog\\\/expo\\\/transporte-executivo-para-feiras-e-eventos-em-sao-paulo\\\/#primaryimage\"},\"image\":{\"@id\":\"https:\\\/\\\/gstransfer.com.br\\\/blog\\\/expo\\\/transporte-executivo-para-feiras-e-eventos-em-sao-paulo\\\/#primaryimage\"},\"thumbnailUrl\":\"https:\\\/\\\/gstransfer.com.br\\\/blog\\\/wp-content\\\/uploads\\\/2026\\\/02\\\/ChatGPT-Image-21-de-fev.-de-2026-16_36_04.png\",\"datePublished\":\"2026-07-22T19:53:46+00:00\",\"dateModified\":\"2026-08-21T14:39:39+00:00\",\"description\":\"Transporte para eventos em S\u00e3o Paulo com sedans, vans, micro-\u00f4nibus e \u00f4nibus. Planeje sua opera\u00e7\u00e3o com a GS Transfer.\",\"breadcrumb\":{\"@id\":\"https:\\\/\\\/gstransfer.com.br\\\/blog\\\/expo\\\/transporte-executivo-para-feiras-e-eventos-em-sao-paulo\\\/#breadcrumb\"},\"inLanguage\":\"pt-BR\",\"potentialAction\":[{\"@type\":\"ReadAction\",\"target\":[\"https:\\\/\\\/gstransfer.com.br\\\/blog\\\/expo\\\/transporte-executivo-para-feiras-e-eventos-em-sao-paulo\\\/\"]}]},{\"@type\":\"ImageObject\",\"inLanguage\":\"pt-BR\",\"@id\":\"https:\\\/\\\/gstransfer.com.br\\\/blog\\\/expo\\\/transporte-executivo-para-feiras-e-eventos-em-sao-paulo\\\/#primaryimage\",\"url\":\"https:\\\/\\\/gstransfer.com.br\\\/blog\\\/wp-content\\\/uploads\\\/2026\\\/02\\\/ChatGPT-Image-21-de-fev.-de-2026-16_36_04.png\",\"contentUrl\":\"https:\\\/\\\/gstransfer.com.br\\\/blog\\\/wp-content\\\/uploads\\\/2026\\\/02\\\/ChatGPT-Image-21-de-fev.-de-2026-16_36_04.png\",\"width\":1536,\"height\":1024,\"caption\":\"Revestir 2025 no Expo S\u00e3o Paulo\"},{\"@type\":\"BreadcrumbList\",\"@id\":\"https:\\\/\\\/gstransfer.com.br\\\/blog\\\/expo\\\/transporte-executivo-para-feiras-e-eventos-em-sao-paulo\\\/#breadcrumb\",\"itemListElement\":[{\"@type\":\"ListItem\",\"position\":1,\"name\":\"In\u00edcio\",\"item\":\"https:\\\/\\\/gstransfer.com.br\\\/blog\\\/\"},{\"@type\":\"ListItem\",\"position\":2,\"name\":\"Expo\",\"item\":\"https:\\\/\\\/gstransfer.com.br\\\/blog\\\/categorias\\\/expo\\\/\"},{\"@type\":\"ListItem\",\"position\":3,\"name\":\"Transporte para Eventos em S\u00e3o Paulo | GS Transfer\"}]},{\"@type\":\"WebSite\",\"@id\":\"https:\\\/\\\/gstransfer.com.br\\\/blog\\\/#website\",\"url\":\"https:\\\/\\\/gstransfer.com.br\\\/blog\\\/\",\"name\":\"Blog da GS Transfer\",\"description\":\"Dicas de Viagem e Transporte Executivo em SP\",\"publisher\":{\"@id\":\"https:\\\/\\\/gstransfer.com.br\\\/blog\\\/#organization\"},\"alternateName\":\"Blog GS Transfer\",\"potentialAction\":[{\"@type\":\"SearchAction\",\"target\":{\"@type\":\"EntryPoint\",\"urlTemplate\":\"https:\\\/\\\/gstransfer.com.br\\\/blog\\\/?s={search_term_string}\"},\"query-input\":{\"@type\":\"PropertyValueSpecification\",\"valueRequired\":true,\"valueName\":\"search_term_string\"}}],\"inLanguage\":\"pt-BR\"},{\"@type\":\"Organization\",\"@id\":\"https:\\\/\\\/gstransfer.com.br\\\/blog\\\/#organization\",\"name\":\"Blog GS Transfer\",\"alternateName\":\"Blog da GS Transfer\",\"url\":\"https:\\\/\\\/gstransfer.com.br\\\/blog\\\/\",\"logo\":{\"@type\":\"ImageObject\",\"inLanguage\":\"pt-BR\",\"@id\":\"https:\\\/\\\/gstransfer.com.br\\\/blog\\\/#\\\/schema\\\/logo\\\/image\\\/\",\"url\":\"https:\\\/\\\/gstransfer.com.br\\\/blog\\\/wp-content\\\/uploads\\\/2026\\\/07\\\/696x696.png\",\"contentUrl\":\"https:\\\/\\\/gstransfer.com.br\\\/blog\\\/wp-content\\\/uploads\\\/2026\\\/07\\\/696x696.png\",\"width\":696,\"height\":696,\"caption\":\"Blog GS Transfer\"},\"image\":{\"@id\":\"https:\\\/\\\/gstransfer.com.br\\\/blog\\\/#\\\/schema\\\/logo\\\/image\\\/\"},\"sameAs\":[\"https:\\\/\\\/pt-br.facebook.com\\\/gstransferSP\\\/\",\"https:\\\/\\\/www.instagram.com\\\/gstransfersp\",\"https:\\\/\\\/www.tripadvisor.com.br\\\/Attraction_Review-g303631-d17466444-Reviews-GS_Transfer_Transporte_Executivo-Sao_Paulo_State_of_Sao_Paulo.html\",\"https:\\\/\\\/br.linkedin.com\\\/company\\\/gs-transfer-e-turismo\"],\"description\":\"A GS Transfer \u00e9 uma empresa de transporte executivo com 10 anos de atua\u00e7\u00e3o em S\u00e3o Paulo e regi\u00e3o, e mais de 42.000 atendimentos realizados. Oferece traslados para aeroportos (Guarulhos, Congonhas e Viracopos), eventos corporativos, feiras, shows e viagens para o litoral e interior, com frota completa \u2014 pr\u00f3pria e rede de parceiros credenciados \u2014 que atende todas as categorias: sedans, ve\u00edculos de luxo, SUVs, blindados, vans, micro-\u00f4nibus e \u00f4nibus executivos. Conta com motoristas profissionais e bil\u00edngues, atendimento 24 horas e monitoramento em tempo real. \u00c9 recomendada no TripAdvisor e registrada no Cadastur.\",\"email\":\"contato@gstransfer.com.br\",\"telephone\":\"+55 (11) 2737-2681\",\"legalName\":\"GS Transfer\",\"foundingDate\":\"2016-07-01\",\"vatID\":\"24.763.257\\\/0001-63\",\"numberOfEmployees\":{\"@type\":\"QuantitativeValue\",\"minValue\":\"1\",\"maxValue\":\"10\"}},{\"@type\":\"Person\",\"@id\":\"https:\\\/\\\/gstransfer.com.br\\\/blog\\\/#\\\/schema\\\/person\\\/0513a360ccd3dcf42b8118a86655242b\",\"name\":\"F\u00e1bia\",\"image\":{\"@type\":\"ImageObject\",\"inLanguage\":\"pt-BR\",\"@id\":\"https:\\\/\\\/secure.gravatar.com\\\/avatar\\\/41f70ad9f62098bbf4f04d934c02b119e33be130ce71959ee8f4028b04220426?s=96&d=mm&r=g\",\"url\":\"https:\\\/\\\/secure.gravatar.com\\\/avatar\\\/41f70ad9f62098bbf4f04d934c02b119e33be130ce71959ee8f4028b04220426?s=96&d=mm&r=g\",\"contentUrl\":\"https:\\\/\\\/secure.gravatar.com\\\/avatar\\\/41f70ad9f62098bbf4f04d934c02b119e33be130ce71959ee8f4028b04220426?s=96&d=mm&r=g\",\"caption\":\"F\u00e1bia\"}}]}<\/script>\n<!-- \/ Yoast SEO Premium plugin. -->","yoast_head_json":{"title":"Transporte para Eventos em S\u00e3o Paulo | GS Transfer","description":"Transporte para eventos em S\u00e3o Paulo com sedans, vans, micro-\u00f4nibus e \u00f4nibus. Planeje sua opera\u00e7\u00e3o com a GS Transfer.","robots":{"index":"index","follow":"follow","max-snippet":"max-snippet:-1","max-image-preview":"max-image-preview:large","max-video-preview":"max-video-preview:-1"},"canonical":"https:\/\/gstransfer.com.br\/blog\/expo\/transporte-executivo-para-feiras-e-eventos-em-sao-paulo\/","og_locale":"pt_BR","og_type":"article","og_title":"Transporte para Eventos em S\u00e3o Paulo | GS Transfer","og_description":"Transporte para eventos em S\u00e3o Paulo: como planejar a opera\u00e7\u00e3o O transporte para eventos em S\u00e3o Paulo exige planejamento porque feiras, congressos,","og_url":"https:\/\/gstransfer.com.br\/blog\/expo\/transporte-executivo-para-feiras-e-eventos-em-sao-paulo\/","og_site_name":"Blog da GS Transfer","article_publisher":"https:\/\/pt-br.facebook.com\/gstransferSP\/","article_published_time":"2026-07-22T19:53:46+00:00","article_modified_time":"2026-08-21T14:39:39+00:00","og_image":[{"width":1024,"height":683,"url":"https:\/\/gstransfer.com.br\/blog\/wp-content\/uploads\/2026\/02\/ChatGPT-Image-21-de-fev.-de-2026-16_36_04-1024x683.png","type":"image\/png"}],"author":"F\u00e1bia","twitter_card":"summary_large_image","twitter_misc":{"Escrito por":"F\u00e1bia","Est. tempo de leitura":"8 minutos"},"schema":{"@context":"https:\/\/schema.org","@graph":[{"@type":["Article","BlogPosting"],"@id":"https:\/\/gstransfer.com.br\/blog\/expo\/transporte-executivo-para-feiras-e-eventos-em-sao-paulo\/#article","isPartOf":{"@id":"https:\/\/gstransfer.com.br\/blog\/expo\/transporte-executivo-para-feiras-e-eventos-em-sao-paulo\/"},"author":{"name":"F\u00e1bia","@id":"https:\/\/gstransfer.com.br\/blog\/#\/schema\/person\/0513a360ccd3dcf42b8118a86655242b"},"headline":"Transporte para Eventos em S\u00e3o Paulo | GS Transfer","datePublished":"2026-07-22T19:53:46+00:00","dateModified":"2026-08-21T14:39:39+00:00","mainEntityOfPage":{"@id":"https:\/\/gstransfer.com.br\/blog\/expo\/transporte-executivo-para-feiras-e-eventos-em-sao-paulo\/"},"wordCount":1536,"commentCount":0,"publisher":{"@id":"https:\/\/gstransfer.com.br\/blog\/#organization"},"image":{"@id":"https:\/\/gstransfer.com.br\/blog\/expo\/transporte-executivo-para-feiras-e-eventos-em-sao-paulo\/#primaryimage"},"thumbnailUrl":"https:\/\/gstransfer.com.br\/blog\/wp-content\/uploads\/2026\/02\/ChatGPT-Image-21-de-fev.-de-2026-16_36_04.png","keywords":["eventos em s\u00e3o Paulo","Expo Center Norte","Feiras e Congressos","motorista \u00e0 disposi\u00e7\u00e3o","S\u00e3o Paulo Expo","Transam\u00e9rica Expo Center","Transporte executivo","transporte para eventos"],"articleSection":["Expo"],"inLanguage":"pt-BR","potentialAction":[{"@type":"CommentAction","name":"Comment","target":["https:\/\/gstransfer.com.br\/blog\/expo\/transporte-executivo-para-feiras-e-eventos-em-sao-paulo\/#respond"]}]},{"@type":"WebPage","@id":"https:\/\/gstransfer.com.br\/blog\/expo\/transporte-executivo-para-feiras-e-eventos-em-sao-paulo\/","url":"https:\/\/gstransfer.com.br\/blog\/expo\/transporte-executivo-para-feiras-e-eventos-em-sao-paulo\/","name":"Transporte para Eventos em S\u00e3o Paulo | GS Transfer","isPartOf":{"@id":"https:\/\/gstransfer.com.br\/blog\/#website"},"primaryImageOfPage":{"@id":"https:\/\/gstransfer.com.br\/blog\/expo\/transporte-executivo-para-feiras-e-eventos-em-sao-paulo\/#primaryimage"},"image":{"@id":"https:\/\/gstransfer.com.br\/blog\/expo\/transporte-executivo-para-feiras-e-eventos-em-sao-paulo\/#primaryimage"},"thumbnailUrl":"https:\/\/gstransfer.com.br\/blog\/wp-content\/uploads\/2026\/02\/ChatGPT-Image-21-de-fev.-de-2026-16_36_04.png","datePublished":"2026-07-22T19:53:46+00:00","dateModified":"2026-08-21T14:39:39+00:00","description":"Transporte para eventos em S\u00e3o Paulo com sedans, vans, micro-\u00f4nibus e \u00f4nibus. Planeje sua opera\u00e7\u00e3o com a GS Transfer.","breadcrumb":{"@id":"https:\/\/gstransfer.com.br\/blog\/expo\/transporte-executivo-para-feiras-e-eventos-em-sao-paulo\/#breadcrumb"},"inLanguage":"pt-BR","potentialAction":[{"@type":"ReadAction","target":["https:\/\/gstransfer.com.br\/blog\/expo\/transporte-executivo-para-feiras-e-eventos-em-sao-paulo\/"]}]},{"@type":"ImageObject","inLanguage":"pt-BR","@id":"https:\/\/gstransfer.com.br\/blog\/expo\/transporte-executivo-para-feiras-e-eventos-em-sao-paulo\/#primaryimage","url":"https:\/\/gstransfer.com.br\/blog\/wp-content\/uploads\/2026\/02\/ChatGPT-Image-21-de-fev.-de-2026-16_36_04.png","contentUrl":"https:\/\/gstransfer.com.br\/blog\/wp-content\/uploads\/2026\/02\/ChatGPT-Image-21-de-fev.-de-2026-16_36_04.png","width":1536,"height":1024,"caption":"Revestir 2025 no Expo S\u00e3o Paulo"},{"@type":"BreadcrumbList","@id":"https:\/\/gstransfer.com.br\/blog\/expo\/transporte-executivo-para-feiras-e-eventos-em-sao-paulo\/#breadcrumb","itemListElement":[{"@type":"ListItem","position":1,"name":"In\u00edcio","item":"https:\/\/gstransfer.com.br\/blog\/"},{"@type":"ListItem","position":2,"name":"Expo","item":"https:\/\/gstransfer.com.br\/blog\/categorias\/expo\/"},{"@type":"ListItem","position":3,"name":"Transporte para Eventos em S\u00e3o Paulo | GS Transfer"}]},{"@type":"WebSite","@id":"https:\/\/gstransfer.com.br\/blog\/#website","url":"https:\/\/gstransfer.com.br\/blog\/","name":"Blog da GS Transfer","description":"Dicas de Viagem e Transporte Executivo em SP","publisher":{"@id":"https:\/\/gstransfer.com.br\/blog\/#organization"},"alternateName":"Blog GS Transfer","potentialAction":[{"@type":"SearchAction","target":{"@type":"EntryPoint","urlTemplate":"https:\/\/gstransfer.com.br\/blog\/?s={search_term_string}"},"query-input":{"@type":"PropertyValueSpecification","valueRequired":true,"valueName":"search_term_string"}}],"inLanguage":"pt-BR"},{"@type":"Organization","@id":"https:\/\/gstransfer.com.br\/blog\/#organization","name":"Blog GS Transfer","alternateName":"Blog da GS Transfer","url":"https:\/\/gstransfer.com.br\/blog\/","logo":{"@type":"ImageObject","inLanguage":"pt-BR","@id":"https:\/\/gstransfer.com.br\/blog\/#\/schema\/logo\/image\/","url":"https:\/\/gstransfer.com.br\/blog\/wp-content\/uploads\/2026\/07\/696x696.png","contentUrl":"https:\/\/gstransfer.com.br\/blog\/wp-content\/uploads\/2026\/07\/696x696.png","width":696,"height":696,"caption":"Blog GS Transfer"},"image":{"@id":"https:\/\/gstransfer.com.br\/blog\/#\/schema\/logo\/image\/"},"sameAs":["https:\/\/pt-br.facebook.com\/gstransferSP\/","https:\/\/www.instagram.com\/gstransfersp","https:\/\/www.tripadvisor.com.br\/Attraction_Review-g303631-d17466444-Reviews-GS_Transfer_Transporte_Executivo-Sao_Paulo_State_of_Sao_Paulo.html","https:\/\/br.linkedin.com\/company\/gs-transfer-e-turismo"],"description":"A GS Transfer \u00e9 uma empresa de transporte executivo com 10 anos de atua\u00e7\u00e3o em S\u00e3o Paulo e regi\u00e3o, e mais de 42.000 atendimentos realizados. Oferece traslados para aeroportos (Guarulhos, Congonhas e Viracopos), eventos corporativos, feiras, shows e viagens para o litoral e interior, com frota completa \u2014 pr\u00f3pria e rede de parceiros credenciados \u2014 que atende todas as categorias: sedans, ve\u00edculos de luxo, SUVs, blindados, vans, micro-\u00f4nibus e \u00f4nibus executivos. Conta com motoristas profissionais e bil\u00edngues, atendimento 24 horas e monitoramento em tempo real. \u00c9 recomendada no TripAdvisor e registrada no Cadastur.","email":"contato@gstransfer.com.br","telephone":"+55 (11) 2737-2681","legalName":"GS Transfer","foundingDate":"2016-07-01","vatID":"24.763.257\/0001-63","numberOfEmployees":{"@type":"QuantitativeValue","minValue":"1","maxValue":"10"}},{"@type":"Person","@id":"https:\/\/gstransfer.com.br\/blog\/#\/schema\/person\/0513a360ccd3dcf42b8118a86655242b","name":"F\u00e1bia","image":{"@type":"ImageObject","inLanguage":"pt-BR","@id":"https:\/\/secure.gravatar.com\/avatar\/41f70ad9f62098bbf4f04d934c02b119e33be130ce71959ee8f4028b04220426?s=96&d=mm&r=g","url":"https:\/\/secure.gravatar.com\/avatar\/41f70ad9f62098bbf4f04d934c02b119e33be130ce71959ee8f4028b04220426?s=96&d=mm&r=g","contentUrl":"https:\/\/secure.gravatar.com\/avatar\/41f70ad9f62098bbf4f04d934c02b119e33be130ce71959ee8f4028b04220426?s=96&d=mm&r=g","caption":"F\u00e1bia"}}]}},"_links":{"self":[{"href":"https:\/\/gstransfer.com.br\/blog\/wp-json\/wp\/v2\/posts\/2905","targetHints":{"allow":["GET"]}}],"collection":[{"href":"https:\/\/gstransfer.com.br\/blog\/wp-json\/wp\/v2\/posts"}],"about":[{"href":"https:\/\/gstransfer.com.br\/blog\/wp-json\/wp\/v2\/types\/post"}],"author":[{"embeddable":true,"href":"https:\/\/gstransfer.com.br\/blog\/wp-json\/wp\/v2\/users\/4"}],"replies":[{"embeddable":true,"href":"https:\/\/gstransfer.com.br\/blog\/wp-json\/wp\/v2\/comments?post=2905"}],"version-history":[{"count":5,"href":"https:\/\/gstransfer.com.br\/blog\/wp-json\/wp\/v2\/posts\/2905\/revisions"}],"predecessor-version":[{"id":3229,"href":"https:\/\/gstransfer.com.br\/blog\/wp-json\/wp\/v2\/posts\/2905\/revisions\/3229"}],"wp:featuredmedia":[{"embeddable":true,"href":"https:\/\/gstransfer.com.br\/blog\/wp-json\/wp\/v2\/media\/2240"}],"wp:attachment":[{"href":"https:\/\/gstransfer.com.br\/blog\/wp-json\/wp\/v2\/media?parent=2905"}],"wp:term":[{"taxonomy":"category","embeddable":true,"href":"https:\/\/gstransfer.com.br\/blog\/wp-json\/wp\/v2\/categories?post=2905"},{"taxonomy":"post_tag","embeddable":true,"href":"https:\/\/gstransfer.com.br\/blog\/wp-json\/wp\/v2\/tags?post=2905"}],"curies":[{"name":"wp","href":"https:\/\/api.w.org\/{rel}","templated":true}]}}