{"id":3037,"date":"2026-08-08T10:00:50","date_gmt":"2026-08-08T13:00:50","guid":{"rendered":"https:\/\/gstransfer.com.br\/blog\/?p=3037"},"modified":"2026-08-19T13:56:48","modified_gmt":"2026-08-19T16:56:48","slug":"blog-destaque-como-planejar-agenda-executiva-sao-paulo","status":"publish","type":"post","link":"https:\/\/gstransfer.com.br\/blog\/experiencias\/blog-destaque-como-planejar-agenda-executiva-sao-paulo\/","title":{"rendered":"Agenda Executiva em S\u00e3o Paulo: Como Planejar | GS Transfer"},"content":{"rendered":"<figure id=\"attachment_3038\" aria-describedby=\"caption-attachment-3038\" style=\"width: 300px\" class=\"wp-caption aligncenter\"><img fetchpriority=\"high\" decoding=\"async\" class=\"size-medium wp-image-3038\" src=\"https:\/\/gstransfer.com.br\/blog\/wp-content\/uploads\/2026\/08\/ChatGPT-Image-7-de-ago.-de-2026-14_14_38-300x169.png\" alt=\"Transporte executivo para agenda corporativa em S\u00e3o Paulo com ve\u00edculo e motorista profissional da GS Transfer\" width=\"300\" height=\"169\" srcset=\"https:\/\/gstransfer.com.br\/blog\/wp-content\/uploads\/2026\/08\/ChatGPT-Image-7-de-ago.-de-2026-14_14_38-300x169.png 300w, https:\/\/gstransfer.com.br\/blog\/wp-content\/uploads\/2026\/08\/ChatGPT-Image-7-de-ago.-de-2026-14_14_38-1024x576.png 1024w, https:\/\/gstransfer.com.br\/blog\/wp-content\/uploads\/2026\/08\/ChatGPT-Image-7-de-ago.-de-2026-14_14_38-768x432.png 768w, https:\/\/gstransfer.com.br\/blog\/wp-content\/uploads\/2026\/08\/ChatGPT-Image-7-de-ago.-de-2026-14_14_38-1536x864.png 1536w, https:\/\/gstransfer.com.br\/blog\/wp-content\/uploads\/2026\/08\/ChatGPT-Image-7-de-ago.-de-2026-14_14_38.png 1672w\" sizes=\"(max-width: 300px) 100vw, 300px\" \/><figcaption id=\"caption-attachment-3038\" class=\"wp-caption-text\">Transporte executivo planejado para agendas corporativas nos principais polos empresariais de S\u00e3o Paulo.<\/figcaption><\/figure>\n<h1>Como planejar uma agenda executiva em S\u00e3o Paulo entre Berrini, Itaim Bibi, Vila Ol\u00edmpia, Jardins e Avenida Paulista<\/h1>\n<p>Planejar uma <strong>agenda executiva em S\u00e3o Paulo<\/strong> exige mais do que organizar uma sequ\u00eancia de reuni\u00f5es no calend\u00e1rio. Quando o dia inclui Berrini, Itaim Bibi, Vila Ol\u00edmpia, Jardins e Avenida Paulista, a mobilidade passa a fazer parte da pr\u00f3pria agenda. Endere\u00e7os completos, hor\u00e1rios de chegada, margens entre compromissos, pontos de embarque, quantidade de passageiros e poss\u00edveis mudan\u00e7as precisam ser considerados antes de o executivo iniciar o primeiro deslocamento.<\/p>\n<p>Na pr\u00e1tica, o melhor planejamento \u00e9 aquele que trata reuni\u00e3o e transporte como uma \u00fanica opera\u00e7\u00e3o. Em vez de calcular o trajeto somente quando um compromisso termina, a empresa antecipa a sequ\u00eancia do dia, identifica pontos cr\u00edticos e define como cada deslocamento ser\u00e1 realizado. Assim, secret\u00e1rias executivas, executive assistants, travel managers, equipes administrativas e gestores conseguem reduzir improvisos e manter uma comunica\u00e7\u00e3o mais clara com o passageiro.<\/p>\n<p>Este guia mostra como estruturar uma agenda corporativa que conecte diferentes polos empresariais de S\u00e3o Paulo com mais previsibilidade. O objetivo n\u00e3o \u00e9 indicar um tempo fixo entre bairros, porque tr\u00e2nsito, clima, obras, eventos e hor\u00e1rio alteram as condi\u00e7\u00f5es da cidade. A proposta \u00e9 apresentar um m\u00e9todo pr\u00e1tico para tomar decis\u00f5es melhores antes e durante a opera\u00e7\u00e3o.<\/p>\n<h2>Por que a mobilidade deve fazer parte da agenda executiva em S\u00e3o Paulo?<\/h2>\n<p>Uma agenda profissional normalmente registra o hor\u00e1rio da reuni\u00e3o, mas nem sempre registra com a mesma precis\u00e3o o tempo necess\u00e1rio para sair de um pr\u00e9dio, encontrar o ve\u00edculo, seguir at\u00e9 o pr\u00f3ximo endere\u00e7o e chegar com anteced\u00eancia adequada. Esse intervalo, por\u00e9m, \u00e9 parte do compromisso.<\/p>\n<p>Em S\u00e3o Paulo, essa aten\u00e7\u00e3o se torna ainda mais relevante quando o roteiro cruza diferentes polos corporativos. Berrini, Vila Ol\u00edmpia e Itaim Bibi podem aparecer em uma mesma programa\u00e7\u00e3o de neg\u00f3cios. Depois, o passageiro pode seguir para a Avenida Paulista ou para um hotel nos Jardins. Embora esses locais perten\u00e7am ao mesmo ambiente empresarial da capital, cada etapa possui acessos, hor\u00e1rios e condi\u00e7\u00f5es de circula\u00e7\u00e3o pr\u00f3prios.<\/p>\n<p>Por isso, uma <strong>agenda executiva em S\u00e3o Paulo<\/strong> deve ser constru\u00edda a partir de tr\u00eas camadas: compromissos, deslocamentos e conting\u00eancias. Os compromissos definem onde o passageiro precisa estar. Os deslocamentos conectam esses pontos. J\u00e1 as conting\u00eancias criam margem para situa\u00e7\u00f5es que n\u00e3o dependem apenas do executivo, como uma reuni\u00e3o que termina depois do previsto ou uma altera\u00e7\u00e3o de \u00faltima hora no endere\u00e7o.<\/p>\n<p>Al\u00e9m disso, existe uma restri\u00e7\u00e3o municipal de circula\u00e7\u00e3o de ve\u00edculos no Centro Expandido em determinados dias e hor\u00e1rios. Consulte as regras vigentes e eventuais exce\u00e7\u00f5es diretamente na p\u00e1gina oficial da <a href=\"https:\/\/capital.sp.gov.br\/web\/mobilidade\/w\/autorizacoes_especiais\/isencao_de_rodizio\/3921\">Prefeitura de S\u00e3o Paulo sobre o Rod\u00edzio Municipal<\/a>. Para quem coordena opera\u00e7\u00f5es com v\u00e1rios ve\u00edculos, esse \u00e9 mais um exemplo de informa\u00e7\u00e3o que precisa entrar no planejamento antes do atendimento.<\/p>\n<h2>O que definir antes de montar uma agenda executiva em S\u00e3o Paulo?<\/h2>\n<p>O ponto de partida \u00e9 reunir os dados do dia em um \u00fanico roteiro. Uma lista incompleta de endere\u00e7os pode parecer suficiente para uma agenda simples, por\u00e9m se torna fr\u00e1gil quando existem v\u00e1rias reuni\u00f5es, passageiros diferentes ou altera\u00e7\u00f5es previstas.<\/p>\n<p>Antes de definir o transporte, organize:<\/p>\n<ul>\n<li>endere\u00e7o completo de cada compromisso, incluindo n\u00famero e refer\u00eancia de acesso quando necess\u00e1rio;<\/li>\n<li>hor\u00e1rio em que o passageiro precisa estar no local, e n\u00e3o apenas o hor\u00e1rio estimado de sa\u00edda;<\/li>\n<li>nome ou identifica\u00e7\u00e3o de cada etapa da agenda;<\/li>\n<li>ordem dos compromissos e prioridade de cada um;<\/li>\n<li>quantidade de passageiros em cada trecho;<\/li>\n<li>bagagens, materiais ou equipamentos que acompanhar\u00e3o o grupo;<\/li>\n<li>necessidade de aguardar o passageiro entre reuni\u00f5es;<\/li>\n<li>possibilidade de mudan\u00e7a de endere\u00e7o ou inclus\u00e3o de nova parada;<\/li>\n<li>ponto de in\u00edcio e encerramento do dia, como hotel, empresa ou resid\u00eancia;<\/li>\n<li>dados de voo quando a programa\u00e7\u00e3o come\u00e7a ou termina em aeroporto.<\/li>\n<\/ul>\n<p>Consequentemente, o fornecedor de mobilidade consegue analisar a opera\u00e7\u00e3o como um todo. Esse n\u00edvel de informa\u00e7\u00e3o tamb\u00e9m ajuda a escolher a categoria de ve\u00edculo de acordo com o n\u00famero de passageiros, o volume de bagagens, a dura\u00e7\u00e3o e o perfil do atendimento. A GS Transfer, por exemplo, orienta o cliente a n\u00e3o definir a categoria apenas pelo n\u00famero de pessoas, porque diferentes elementos da opera\u00e7\u00e3o interferem nessa escolha.<\/p>\n<h2>Como organizar a agenda executiva na Berrini, Vila Ol\u00edmpia e Itaim Bibi?<\/h2>\n<p>Berrini, Vila Ol\u00edmpia e Itaim Bibi formam um eixo corporativo recorrente em agendas de empresas, escrit\u00f3rios, hot\u00e9is e visitantes a neg\u00f3cios. Ainda assim, proximidade geogr\u00e1fica n\u00e3o deve ser confundida com tempo garantido de deslocamento.<\/p>\n<p>Ao montar a <strong>agenda executiva em S\u00e3o Paulo<\/strong>, agrupar compromissos por regi\u00e3o pode reduzir movimentos desnecess\u00e1rios pela cidade. Se duas reuni\u00f5es possuem flexibilidade de hor\u00e1rio e est\u00e3o no mesmo eixo, pode fazer sentido realiz\u00e1-las em sequ\u00eancia antes de atravessar para outra regi\u00e3o. Por\u00e9m, a decis\u00e3o precisa respeitar a prioridade comercial de cada compromisso.<\/p>\n<h3>Berrini: confirme o ponto exato de embarque e desembarque<\/h3>\n<p>\u201cBerrini\u201d costuma ser utilizada como refer\u00eancia ampla para uma \u00e1rea empresarial com edif\u00edcios, hot\u00e9is e acessos distintos. Portanto, trabalhar apenas com o nome da regi\u00e3o \u00e9 pouco preciso. O roteiro deve registrar o endere\u00e7o completo e, quando dispon\u00edvel, o ponto de acesso mais adequado ao passageiro.<\/p>\n<p>Essa aten\u00e7\u00e3o ganha import\u00e2ncia em pr\u00e9dios corporativos com diferentes entradas, recep\u00e7\u00f5es e \u00e1reas de embarque. Al\u00e9m disso, quando o executivo ainda n\u00e3o conhece o edif\u00edcio, vale compartilhar antecipadamente a refer\u00eancia de encontro. Assim, o encerramento da reuni\u00e3o n\u00e3o se transforma em uma procura pelo ve\u00edculo.<\/p>\n<h3>Vila Ol\u00edmpia: trate intervalos curtos com cautela<\/h3>\n<p>A Vila Ol\u00edmpia concentra escrit\u00f3rios, hot\u00e9is, restaurantes e espa\u00e7os de reuni\u00e3o. Por isso, um mesmo dia pode incluir mais de um compromisso na regi\u00e3o. Mesmo quando os endere\u00e7os parecem pr\u00f3ximos no mapa, \u00e9 prudente avaliar o hor\u00e1rio real de sa\u00edda do pr\u00e9dio, o embarque e as condi\u00e7\u00f5es de circula\u00e7\u00e3o daquele momento.<\/p>\n<p>Em outras palavras, a agenda n\u00e3o deve usar apenas a dura\u00e7\u00e3o estimada do trajeto como intervalo. Uma margem operacional tamb\u00e9m precisa absorver elevadores, recep\u00e7\u00e3o, identifica\u00e7\u00e3o, embarque e pequenas mudan\u00e7as no cronograma. Essa l\u00f3gica \u00e9 simples, por\u00e9m evita que minutos aparentemente dispon\u00edveis desapare\u00e7am antes de o ve\u00edculo come\u00e7ar a se deslocar.<\/p>\n<h3>Itaim Bibi: coordene compromissos, refei\u00e7\u00f5es e mudan\u00e7as de roteiro<\/h3>\n<p>No Itaim Bibi, agendas corporativas frequentemente combinam reuni\u00f5es, encontros profissionais e refei\u00e7\u00f5es de neg\u00f3cios. Por isso, o roteiro pode ter hor\u00e1rios mais flex\u00edveis do que uma sequ\u00eancia de reuni\u00f5es formais. Essa flexibilidade precisa aparecer no briefing.<\/p>\n<p>Se o almo\u00e7o terminar mais cedo, por exemplo, a empresa pode decidir antecipar a pr\u00f3xima sa\u00edda. Se terminar depois, o restante da programa\u00e7\u00e3o precisa ser reavaliado. Portanto, o respons\u00e1vel pela agenda deve manter um canal objetivo de comunica\u00e7\u00e3o com quem coordena a mobilidade. Quanto mais cedo a altera\u00e7\u00e3o for informada, maior a capacidade de reorganizar a opera\u00e7\u00e3o de forma respons\u00e1vel.<\/p>\n<h2>Como conectar Jardins e Avenida Paulista \u00e0 agenda executiva?<\/h2>\n<p>Jardins e Avenida Paulista podem cumprir fun\u00e7\u00f5es diferentes na mesma viagem corporativa. A Paulista concentra escrit\u00f3rios, institui\u00e7\u00f5es, hospitais, centros culturais e hot\u00e9is; j\u00e1 a refer\u00eancia \u201cJardins\u201d pode abranger endere\u00e7os de hospedagem, reuni\u00f5es, restaurantes e compromissos em diferentes vias da regi\u00e3o.<\/p>\n<p>Por isso, escrever apenas \u201cPaulista\u201d ou \u201cJardins\u201d em uma planilha n\u00e3o basta para uma opera\u00e7\u00e3o precisa. O endere\u00e7o completo \u00e9 indispens\u00e1vel, sobretudo quando a agenda conecta esses pontos a Berrini, Vila Ol\u00edmpia ou Itaim Bibi.<\/p>\n<h3>Avenida Paulista: planeje pela hora de chegada<\/h3>\n<p>Na Avenida Paulista, comece o planejamento pelo hor\u00e1rio em que o passageiro precisa estar no destino. A partir dele, a opera\u00e7\u00e3o trabalha para tr\u00e1s: considera sa\u00edda do compromisso anterior, margem adequada e ponto de desembarque.<\/p>\n<p>Esse racioc\u00ednio evita um erro comum: marcar a sa\u00edda apenas com base na dist\u00e2ncia entre dois pontos. Dist\u00e2ncia e dura\u00e7\u00e3o n\u00e3o s\u00e3o equivalentes em uma cidade com condi\u00e7\u00f5es vari\u00e1veis. Al\u00e9m disso, eventos, interven\u00e7\u00f5es vi\u00e1rias e per\u00edodos de maior circula\u00e7\u00e3o podem alterar a din\u00e2mica local. Portanto, a estimativa deve ser revista pr\u00f3xima do atendimento, sem vender ao passageiro uma promessa imposs\u00edvel de tempo fixo.<\/p>\n<h3>Jardins: n\u00e3o trate o nome do bairro como endere\u00e7o<\/h3>\n<p>Para uma <strong>agenda executiva em S\u00e3o Paulo<\/strong>, \u201cJardins\u201d funciona bem como entidade geogr\u00e1fica, mas n\u00e3o como instru\u00e7\u00e3o operacional. A confirma\u00e7\u00e3o do hotel, restaurante, escrit\u00f3rio ou endere\u00e7o de encontro evita ambiguidades e melhora a sequ\u00eancia do roteiro.<\/p>\n<p>Essa precis\u00e3o tamb\u00e9m facilita o atendimento de visitantes internacionais. Quando outra pessoa organizou a viagem, o passageiro pode ter apenas o nome do estabelecimento no pr\u00f3prio calend\u00e1rio. Nesse cen\u00e1rio, uma opera\u00e7\u00e3o bem documentada conecta o nome utilizado pelo viajante ao endere\u00e7o que ser\u00e1 usado pelo motorista e pela central de opera\u00e7\u00f5es.<\/p>\n<h2>Agenda executiva em S\u00e3o Paulo: transfer ou motorista \u00e0 disposi\u00e7\u00e3o?<\/h2>\n<p>Essa decis\u00e3o depende do formato da agenda. Um transfer por trecho tende a funcionar melhor quando origem, destino e hor\u00e1rio est\u00e3o claramente definidos. J\u00e1 o motorista executivo \u00e0 disposi\u00e7\u00e3o pode ser mais adequado quando o mesmo passageiro ter\u00e1 v\u00e1rias reuni\u00f5es, per\u00edodos de espera e possibilidade de altera\u00e7\u00f5es ao longo do dia.<\/p>\n<p>N\u00e3o existe uma resposta universal. Por exemplo, uma programa\u00e7\u00e3o com hotel, reuni\u00e3o e retorno em hor\u00e1rios fixos pode funcionar bem por trechos. Em contrapartida, um roadshow corporativo com cinco endere\u00e7os e intervalos sujeitos \u00e0 dura\u00e7\u00e3o das reuni\u00f5es exige outra l\u00f3gica.<\/p>\n<p>Em uma <strong>agenda executiva em S\u00e3o Paulo<\/strong> com m\u00faltiplas paradas, o modelo \u00e0 disposi\u00e7\u00e3o reduz a necessidade de criar uma nova contrata\u00e7\u00e3o para cada mudan\u00e7a j\u00e1 prevista no roteiro. Contudo, o per\u00edodo, os endere\u00e7os e as condi\u00e7\u00f5es de atendimento precisam constar na solicita\u00e7\u00e3o e na proposta. Flexibilidade operacional n\u00e3o significa aus\u00eancia de planejamento.<\/p>\n<p>Para entender melhor como a modalidade se encaixa em compromissos profissionais, vale consultar tamb\u00e9m o conte\u00fado da GS Transfer sobre <a href=\"https:\/\/gstransfer.com.br\/blog\/destaque\/empresa-transporte-executivo-diretoria-sao-paulo\/\">transporte executivo para diretoria em S\u00e3o Paulo<\/a>.<\/p>\n<h2>Exemplo pr\u00e1tico de agenda executiva em S\u00e3o Paulo com v\u00e1rios bairros<\/h2>\n<p>Imagine um diretor hospedado nos Jardins com quatro compromissos no mesmo dia. A primeira reuni\u00e3o acontece na Avenida Paulista. Depois, o executivo segue para o Itaim Bibi, participa de um almo\u00e7o de neg\u00f3cios na Vila Ol\u00edmpia e encerra a agenda na Berrini. O retorno ser\u00e1 para o hotel.<\/p>\n<p>O erro seria transformar essa programa\u00e7\u00e3o em apenas cinco linhas de origem e destino. O planejamento mais s\u00f3lido adiciona contexto a cada etapa.<\/p>\n<h3>1. Sa\u00edda do hotel nos Jardins<\/h3>\n<p>A equipe confirma o endere\u00e7o do hotel, o nome do passageiro, o hor\u00e1rio desejado de chegada \u00e0 primeira reuni\u00e3o e o ponto de embarque. Com esses elementos, a opera\u00e7\u00e3o define a sa\u00edda e reavalia as condi\u00e7\u00f5es de tr\u00e2nsito pr\u00f3ximo do servi\u00e7o.<\/p>\n<h3>2. Reuni\u00e3o na Avenida Paulista<\/h3>\n<p>O motorista e a opera\u00e7\u00e3o sabem previamente se devem aguardar o passageiro ou se existe outro arranjo contratado. Al\u00e9m disso, o respons\u00e1vel pela agenda possui um canal para comunicar mudan\u00e7a no hor\u00e1rio de t\u00e9rmino.<\/p>\n<h3>3. Compromisso no Itaim Bibi<\/h3>\n<p>O roteiro registra o endere\u00e7o completo. Se o primeiro encontro atrasar, a equipe n\u00e3o assume automaticamente que o pr\u00f3ximo hor\u00e1rio continua vi\u00e1vel; ela comunica a situa\u00e7\u00e3o e rev\u00ea a programa\u00e7\u00e3o conforme as possibilidades reais.<\/p>\n<h3>4. Almo\u00e7o na Vila Ol\u00edmpia<\/h3>\n<p>Como uma refei\u00e7\u00e3o de neg\u00f3cios pode variar de dura\u00e7\u00e3o, a agenda identifica uma janela, em vez de depender de um minuto r\u00edgido de encerramento. Ainda assim, o hor\u00e1rio do compromisso seguinte permanece como refer\u00eancia principal.<\/p>\n<h3>5. Reuni\u00e3o final na Berrini e retorno<\/h3>\n<p>A opera\u00e7\u00e3o conhece o endere\u00e7o final, o retorno previsto e a necessidade de permanecer dispon\u00edvel. Dessa forma, a <strong>agenda executiva em S\u00e3o Paulo<\/strong> deixa de ser uma cole\u00e7\u00e3o de corridas isoladas e passa a funcionar como uma sequ\u00eancia coordenada.<\/p>\n<p>Esse exemplo tamb\u00e9m demonstra por que o roteiro completo deve chegar ao fornecedor com anteced\u00eancia. Quando a empresa encaminha uma planilha ou documento com todo o dia, torna-se mais f\u00e1cil identificar inconsist\u00eancias antes da execu\u00e7\u00e3o, como hor\u00e1rios incompat\u00edveis, endere\u00e7os incompletos ou uma quantidade de passageiros diferente em determinado trecho.<\/p>\n<h2>Como integrar voos \u00e0 agenda executiva em S\u00e3o Paulo?<\/h2>\n<p>Quando o passageiro chega a S\u00e3o Paulo para cumprir uma agenda de neg\u00f3cios, o primeiro deslocamento influencia todo o restante do dia. Por isso, dados de voo, bagagens, hotel, primeira reuni\u00e3o e respons\u00e1vel local precisam estar alinhados.<\/p>\n<p>Para visitantes estrangeiros, h\u00e1 ainda uma camada de comunica\u00e7\u00e3o. A GS Transfer oferece atendimento internacional e suporte em diferentes idiomas conforme solicita\u00e7\u00e3o e disponibilidade operacional. Confirme a disponibilidade do idioma espec\u00edfico para cada opera\u00e7\u00e3o e inclua essa necessidade no briefing desde o in\u00edcio.<\/p>\n<p>Al\u00e9m disso, o receptivo aeroportu\u00e1rio, quando contratado, \u00e9 um servi\u00e7o espec\u00edfico. Na opera\u00e7\u00e3o da GS Transfer, uma equipe especializada recebe o passageiro na \u00e1rea de desembarque e o acompanha at\u00e9 o ve\u00edculo; o motorista exerce outra fun\u00e7\u00e3o. O guia sobre <a href=\"https:\/\/gstransfer.com.br\/blog\/experiencias\/como-receber-executivos-internacionais-sao-paulo\/\">como receber executivos internacionais em S\u00e3o Paulo<\/a> aprofunda o tema.<\/p>\n<p>Assim, quando aeroporto, hotel e reuni\u00f5es fazem parte da mesma <strong>agenda executiva em S\u00e3o Paulo<\/strong>, todos os dados devem estar conectados no roteiro. Isso reduz desencontros de informa\u00e7\u00e3o entre quem viaja, quem organiza e quem executa a mobilidade.<\/p>\n<h2>Quais erros comprometem uma agenda executiva em S\u00e3o Paulo?<\/h2>\n<p>Alguns problemas surgem antes mesmo de o ve\u00edculo iniciar o atendimento. Por isso, identific\u00e1-los na fase de planejamento tem mais valor do que tentar corrigir tudo durante o dia.<\/p>\n<h3>Considerar apenas o tempo mostrado no mapa<\/h3>\n<p>Aplicativos de navega\u00e7\u00e3o ajudam a avaliar deslocamentos, mas a agenda precisa considerar mais do que o tempo de condu\u00e7\u00e3o. Sa\u00edda do pr\u00e9dio, embarque, acesso, hor\u00e1rio do compromisso e margem operacional tamb\u00e9m importam.<\/p>\n<h3>Informar apenas o nome do bairro ou da empresa<\/h3>\n<p>Nomes podem se repetir, empresas podem ter mais de uma unidade e regi\u00f5es como Jardins ou Berrini abrangem diferentes pontos de acesso. Consequentemente, endere\u00e7o completo e refer\u00eancia de embarque diminuem a chance de desencontro.<\/p>\n<h3>Criar intervalos sem margem<\/h3>\n<p>Quando o fim de uma reuni\u00e3o coincide com o hor\u00e1rio necess\u00e1rio para sair rumo \u00e0 pr\u00f3xima, qualquer atraso se propaga. Portanto, a agenda precisa separar \u201ct\u00e9rmino previsto\u201d de \u201chor\u00e1rio-limite operacional\u201d.<\/p>\n<h3>Deixar mudan\u00e7as para o \u00faltimo instante<\/h3>\n<p>Algumas altera\u00e7\u00f5es s\u00e3o inevit\u00e1veis. Entretanto, outras j\u00e1 s\u00e3o conhecidas pela equipe e deixam de ser comunicadas. Informar cedo permite avaliar disponibilidade, roteiro e impactos antes de confirmar a mudan\u00e7a.<\/p>\n<h3>Escolher o ve\u00edculo apenas pelo n\u00famero de pessoas<\/h3>\n<p>Passageiros s\u00e3o apenas uma vari\u00e1vel. Bagagens, equipamentos, dura\u00e7\u00e3o, acessibilidade e perfil do grupo tamb\u00e9m devem ser analisados. Por isso, a defini\u00e7\u00e3o da categoria faz parte do planejamento da opera\u00e7\u00e3o.<\/p>\n<h3>Fragmentar a agenda entre v\u00e1rios respons\u00e1veis<\/h3>\n<p>Quando cada pessoa possui uma vers\u00e3o diferente do roteiro, cresce a possibilidade de conflito. Uma fonte consolidada, com respons\u00e1vel definido por altera\u00e7\u00f5es, melhora a governan\u00e7a do dia.<\/p>\n<h2>Checklist para uma agenda executiva em S\u00e3o Paulo mais previs\u00edvel<\/h2>\n<p>Antes de confirmar a opera\u00e7\u00e3o, vale revisar um checklist simples:<\/p>\n<ul>\n<li>todos os endere\u00e7os est\u00e3o completos e na ordem correta;<\/li>\n<li>os hor\u00e1rios representam a chegada desejada, e n\u00e3o somente a sa\u00edda estimada;<\/li>\n<li>cada trecho indica quantos passageiros viajar\u00e3o;<\/li>\n<li>bagagens e equipamentos foram informados;<\/li>\n<li>o ponto de embarque est\u00e1 claro nos edif\u00edcios maiores;<\/li>\n<li>existem margens entre reuni\u00f5es importantes;<\/li>\n<li>a equipe sabe quais hor\u00e1rios s\u00e3o r\u00edgidos e quais possuem flexibilidade;<\/li>\n<li>o respons\u00e1vel por aprovar mudan\u00e7as est\u00e1 identificado;<\/li>\n<li>necessidades de idioma foram solicitadas antecipadamente;<\/li>\n<li>aeroportos, hot\u00e9is e reuni\u00f5es pertencem ao mesmo roteiro quando fazem parte da mesma viagem;<\/li>\n<li>o formato de contrata\u00e7\u00e3o corresponde ao n\u00edvel de flexibilidade esperado;<\/li>\n<li>todos os envolvidos utilizam a vers\u00e3o mais recente da programa\u00e7\u00e3o.<\/li>\n<\/ul>\n<p>Al\u00e9m disso, confirme perto da data se houve mudan\u00e7a de endere\u00e7o, hor\u00e1rio ou passageiro. Essa revis\u00e3o r\u00e1pida evita operar com uma planilha que estava correta quando foi criada, mas deixou de refletir a agenda real.<\/p>\n<h2>Quais benef\u00edcios uma agenda executiva bem planejada oferece?<\/h2>\n<p>O primeiro benef\u00edcio \u00e9 a previsibilidade. Ela n\u00e3o elimina o tr\u00e2nsito ou uma reuni\u00e3o que se prolonga, por\u00e9m cria um processo para lidar com vari\u00e1veis sem depender exclusivamente de improviso.<\/p>\n<p>O segundo benef\u00edcio \u00e9 a clareza de comunica\u00e7\u00e3o. Quando contratante, passageiro, opera\u00e7\u00e3o e motorista trabalham sobre o mesmo roteiro, cada mudan\u00e7a possui contexto. Consequentemente, fica mais f\u00e1cil avaliar o impacto de antecipar uma sa\u00edda, incluir uma parada ou alterar o ponto de encontro.<\/p>\n<p>O terceiro benef\u00edcio \u00e9 a adequa\u00e7\u00e3o do servi\u00e7o. Uma <strong>agenda executiva em S\u00e3o Paulo<\/strong> bem detalhada permite decidir entre transfer por trecho, motorista \u00e0 disposi\u00e7\u00e3o ou uma configura\u00e7\u00e3o com mais de um ve\u00edculo quando o grupo se divide. A escolha passa a refletir a opera\u00e7\u00e3o, e n\u00e3o uma solu\u00e7\u00e3o gen\u00e9rica.<\/p>\n<p>Por fim, o planejamento protege a experi\u00eancia do passageiro. Executivos, clientes, investidores e visitantes internacionais n\u00e3o precisam administrar detalhes operacionais a cada deslocamento. A mobilidade assume uma fun\u00e7\u00e3o de suporte \u00e0 agenda, enquanto o passageiro concentra aten\u00e7\u00e3o nos compromissos profissionais.<\/p>\n<h2>Como a GS Transfer organiza agendas corporativas em S\u00e3o Paulo?<\/h2>\n<p>A GS Transfer atua com mobilidade corporativa privativa e personalizada. O processo come\u00e7a pela coleta de informa\u00e7\u00f5es: datas, hor\u00e1rios, endere\u00e7os, passageiros, bagagens e necessidades espec\u00edficas. Depois, a equipe planeja a log\u00edstica e seleciona ve\u00edculo e motorista compat\u00edveis com o perfil da opera\u00e7\u00e3o.<\/p>\n<p>Durante o atendimento, a estrutura inclui acompanhamento operacional, monitoramento da localiza\u00e7\u00e3o do ve\u00edculo e comunica\u00e7\u00e3o entre central, motorista e cliente quando necess\u00e1rio. Dessa forma, o servi\u00e7o n\u00e3o se limita ao ato de dirigir entre dois pontos; ele integra planejamento, acompanhamento e execu\u00e7\u00e3o.<\/p>\n<p>Esse modelo \u00e9 especialmente \u00fatil em uma <strong>agenda executiva em S\u00e3o Paulo<\/strong> com Berrini, Itaim Bibi, Vila Ol\u00edmpia, Jardins e Avenida Paulista, porque a sequ\u00eancia precisa permanecer coerente mesmo quando diferentes \u00e1reas corporativas aparecem no mesmo dia.<\/p>\n<p>Empresas que est\u00e3o comparando formatos de mobilidade tamb\u00e9m podem consultar o guia da GS Transfer sobre <a href=\"https:\/\/gstransfer.com.br\/blog\/gs-transfer\/o-que-e-transporte-executivo\/\">o que \u00e9 transporte executivo<\/a> para entender melhor o papel do ve\u00edculo com motorista em compromissos profissionais.<\/p>\n<h2>Perguntas frequentes sobre agenda executiva em S\u00e3o Paulo<\/h2>\n<h3>Quanto tempo devo reservar entre reuni\u00f5es em bairros diferentes?<\/h3>\n<p>N\u00e3o existe um intervalo \u00fanico que funcione para todos os dias. O tempo depende dos endere\u00e7os exatos, hor\u00e1rio, condi\u00e7\u00f5es de tr\u00e2nsito, acesso aos pr\u00e9dios e margem necess\u00e1ria antes da reuni\u00e3o. Por isso, a melhor pr\u00e1tica \u00e9 calcular cada etapa individualmente e revisar a condi\u00e7\u00e3o de circula\u00e7\u00e3o pr\u00f3ximo do atendimento.<\/p>\n<h3>\u00c9 melhor contratar v\u00e1rios transfers ou um motorista \u00e0 disposi\u00e7\u00e3o?<\/h3>\n<p>Transfers funcionam bem quando cada trecho possui origem, destino e hor\u00e1rio definidos. J\u00e1 o motorista \u00e0 disposi\u00e7\u00e3o pode fazer mais sentido em agendas com v\u00e1rias reuni\u00f5es, espera e altera\u00e7\u00f5es poss\u00edveis. A escolha deve considerar o roteiro completo e as condi\u00e7\u00f5es da proposta.<\/p>\n<h3>A GS Transfer atende Berrini, Itaim Bibi, Vila Ol\u00edmpia, Jardins e Avenida Paulista?<\/h3>\n<p>Sim. S\u00e3o Paulo e Grande S\u00e3o Paulo fazem parte da \u00e1rea principal de atua\u00e7\u00e3o da GS Transfer. A empresa realiza mobilidade corporativa para reuni\u00f5es, agendas empresariais e visitantes, com planejamento de acordo com os endere\u00e7os e as necessidades de cada opera\u00e7\u00e3o.<\/p>\n<h3>Posso enviar uma planilha com todos os compromissos do executivo?<\/h3>\n<p>Sim. Uma programa\u00e7\u00e3o consolidada facilita a an\u00e1lise de hor\u00e1rios, endere\u00e7os, passageiros e m\u00faltiplas paradas. No pedido de or\u00e7amento da GS Transfer, o cliente pode informar o roteiro completo e os dados necess\u00e1rios para que a opera\u00e7\u00e3o seja avaliada de forma adequada.<\/p>\n<h3>\u00c9 poss\u00edvel atender um executivo estrangeiro durante v\u00e1rios compromissos?<\/h3>\n<p>Sim, desde que a programa\u00e7\u00e3o e as necessidades sejam informadas no briefing. Atendimento em idiomas diferentes do portugu\u00eas depende de solicita\u00e7\u00e3o e disponibilidade operacional, por isso a necessidade de idioma deve ser comunicada com anteced\u00eancia.<\/p>\n<h3>O roteiro pode mudar durante o atendimento?<\/h3>\n<p>Altera\u00e7\u00f5es podem surgir em uma agenda corporativa. Entretanto, qualquer mudan\u00e7a precisa ser comunicada e avaliada conforme disponibilidade, condi\u00e7\u00f5es contratadas e impacto na programa\u00e7\u00e3o. Quanto mais cedo a equipe receber a informa\u00e7\u00e3o, melhor ser\u00e1 a capacidade de reorganiza\u00e7\u00e3o.<\/p>\n<h3>Qual informa\u00e7\u00e3o \u00e9 indispens\u00e1vel para pedir um or\u00e7amento?<\/h3>\n<p>Informe data, hor\u00e1rios, endere\u00e7os de origem e destinos, n\u00famero de passageiros, bagagens e necessidades espec\u00edficas. Se houver v\u00e1rias reuni\u00f5es, envie a sequ\u00eancia completa. Assim, a proposta pode representar melhor a opera\u00e7\u00e3o planejada.<\/p>\n<h2>Planejamento transforma deslocamentos em uma opera\u00e7\u00e3o coordenada<\/h2>\n<p>Uma <strong>agenda executiva em S\u00e3o Paulo<\/strong> funciona melhor quando os deslocamentos deixam de ser tratados como espa\u00e7os vazios entre reuni\u00f5es. Berrini, Itaim Bibi, Vila Ol\u00edmpia, Jardins e Avenida Paulista podem compor um \u00fanico dia de neg\u00f3cios, mas cada etapa precisa de endere\u00e7o preciso, hor\u00e1rio de chegada, margem operacional e comunica\u00e7\u00e3o.<\/p>\n<p>O princ\u00edpio \u00e9 simples: primeiro organize o dia inteiro; depois defina como conectar cada compromisso. Esse m\u00e9todo reduz improvisos, melhora a capacidade de rea\u00e7\u00e3o a mudan\u00e7as e ajuda quem coordena a viagem a enxergar a mobilidade como parte do planejamento corporativo.<\/p>\n<p>Se sua empresa precisa organizar uma agenda com m\u00faltiplas reuni\u00f5es, hot\u00e9is, aeroportos ou diferentes polos empresariais, <a href=\"https:\/\/gstransfer.com.br\/orcamento\/\">solicite um or\u00e7amento personalizado \u00e0 GS Transfer<\/a>. Informe o roteiro completo, os hor\u00e1rios, o n\u00famero de passageiros e as necessidades da opera\u00e7\u00e3o para que a equipe avalie a solu\u00e7\u00e3o adequada.<\/p>\n","protected":false},"excerpt":{"rendered":"<p>Como planejar uma agenda executiva em S\u00e3o Paulo entre Berrini, Itaim Bibi, Vila Ol\u00edmpia, Jardins e Avenida Paulista Planejar uma agenda executiva em S\u00e3o Paulo exige mais do que organizar uma sequ\u00eancia de reuni\u00f5es no calend\u00e1rio. Quando o dia inclui Berrini, Itaim Bibi, Vila Ol\u00edmpia, Jardins e Avenida Paulista, a mobilidade passa a fazer parte [&hellip;]<\/p>\n","protected":false},"author":1,"featured_media":3038,"comment_status":"open","ping_status":"open","sticky":false,"template":"","format":"standard","meta":{"footnotes":""},"categories":[99],"tags":[864,869,865,866,868,344,346,576,566,867],"class_list":["post-3037","post","type-post","status-publish","format-standard","has-post-thumbnail","hentry","category-experiencias","tag-agenda-executiva-em-sao-paulo","tag-avenida-paulista","tag-berrini","tag-itaim-bibi","tag-jardins","tag-mobilidade-corporativa","tag-motorista-executivo","tag-transporte-executivo-corporativo","tag-viagens-corporativas","tag-vila-olimpia"],"yoast_head":"<!-- This site is optimized with the Yoast SEO Premium plugin v28.1 (Yoast SEO v28.4) - https:\/\/yoast.com\/product\/yoast-seo-premium-wordpress\/ -->\n<title>Agenda Executiva em S\u00e3o Paulo: Como Planejar | GS Transfer &#183; Blog da GS Transfer<\/title>\n<meta name=\"description\" content=\"Planeje uma agenda executiva em S\u00e3o Paulo entre Berrini, Itaim Bibi, Vila Ol\u00edmpia, Jardins e Paulista com mais previsibilidade.\" \/>\n<meta name=\"robots\" content=\"index, follow, max-snippet:-1, max-image-preview:large, max-video-preview:-1\" \/>\n<link rel=\"canonical\" href=\"https:\/\/gstransfer.com.br\/blog\/experiencias\/blog-destaque-como-planejar-agenda-executiva-sao-paulo\/\" \/>\n<meta property=\"og:locale\" content=\"pt_BR\" \/>\n<meta property=\"og:type\" content=\"article\" \/>\n<meta property=\"og:title\" content=\"Agenda Executiva em S\u00e3o Paulo: Como Planejar | GS Transfer\" \/>\n<meta property=\"og:description\" content=\"Como planejar uma agenda executiva em S\u00e3o Paulo entre Berrini, Itaim Bibi, Vila Ol\u00edmpia, Jardins e Avenida Paulista Planejar uma agenda executiva em S\u00e3o\" \/>\n<meta property=\"og:url\" content=\"https:\/\/gstransfer.com.br\/blog\/experiencias\/blog-destaque-como-planejar-agenda-executiva-sao-paulo\/\" \/>\n<meta property=\"og:site_name\" content=\"Blog da GS Transfer\" \/>\n<meta property=\"article:publisher\" content=\"https:\/\/pt-br.facebook.com\/gstransferSP\/\" \/>\n<meta property=\"article:published_time\" content=\"2026-08-08T13:00:50+00:00\" \/>\n<meta property=\"article:modified_time\" content=\"2026-08-19T16:56:48+00:00\" \/>\n<meta property=\"og:image\" content=\"https:\/\/gstransfer.com.br\/blog\/wp-content\/uploads\/2026\/08\/ChatGPT-Image-7-de-ago.-de-2026-14_14_38-1024x576.png\" \/>\n\t<meta property=\"og:image:width\" content=\"1024\" \/>\n\t<meta property=\"og:image:height\" content=\"576\" \/>\n\t<meta property=\"og:image:type\" content=\"image\/png\" \/>\n<meta name=\"author\" content=\"GS Transfer\" \/>\n<meta name=\"twitter:card\" content=\"summary_large_image\" \/>\n<meta name=\"twitter:label1\" content=\"Escrito por\" \/>\n\t<meta name=\"twitter:data1\" content=\"GS Transfer\" \/>\n\t<meta name=\"twitter:label2\" content=\"Est. tempo de leitura\" \/>\n\t<meta name=\"twitter:data2\" content=\"19 minutos\" \/>\n<script type=\"application\/ld+json\" class=\"yoast-schema-graph\">{\"@context\":\"https:\\\/\\\/schema.org\",\"@graph\":[{\"@type\":[\"Article\",\"BlogPosting\"],\"@id\":\"https:\\\/\\\/gstransfer.com.br\\\/blog\\\/experiencias\\\/blog-destaque-como-planejar-agenda-executiva-sao-paulo\\\/#article\",\"isPartOf\":{\"@id\":\"https:\\\/\\\/gstransfer.com.br\\\/blog\\\/experiencias\\\/blog-destaque-como-planejar-agenda-executiva-sao-paulo\\\/\"},\"author\":{\"name\":\"GS Transfer\",\"@id\":\"https:\\\/\\\/gstransfer.com.br\\\/blog\\\/#\\\/schema\\\/person\\\/cd30e1da5de5f7e9ddc9d80552b26dda\"},\"headline\":\"Agenda Executiva em S\u00e3o Paulo: Como Planejar | GS Transfer\",\"datePublished\":\"2026-08-08T13:00:50+00:00\",\"dateModified\":\"2026-08-19T16:56:48+00:00\",\"mainEntityOfPage\":{\"@id\":\"https:\\\/\\\/gstransfer.com.br\\\/blog\\\/experiencias\\\/blog-destaque-como-planejar-agenda-executiva-sao-paulo\\\/\"},\"wordCount\":3864,\"commentCount\":0,\"publisher\":{\"@id\":\"https:\\\/\\\/gstransfer.com.br\\\/blog\\\/#organization\"},\"image\":{\"@id\":\"https:\\\/\\\/gstransfer.com.br\\\/blog\\\/experiencias\\\/blog-destaque-como-planejar-agenda-executiva-sao-paulo\\\/#primaryimage\"},\"thumbnailUrl\":\"https:\\\/\\\/gstransfer.com.br\\\/blog\\\/wp-content\\\/uploads\\\/2026\\\/08\\\/ChatGPT-Image-7-de-ago.-de-2026-14_14_38.png\",\"keywords\":[\"Agenda executiva em S\u00e3o Paulo\",\"Avenida Paulista\",\"Berrini\",\"Itaim Bibi\",\"Jardins\",\"Mobilidade Corporativa\",\"Motorista Executivo\",\"transporte executivo corporativo\",\"viagens corporativas\",\"Vila Ol\u00edmpia\"],\"articleSection\":[\"Experi\u00eancias\"],\"inLanguage\":\"pt-BR\",\"potentialAction\":[{\"@type\":\"CommentAction\",\"name\":\"Comment\",\"target\":[\"https:\\\/\\\/gstransfer.com.br\\\/blog\\\/experiencias\\\/blog-destaque-como-planejar-agenda-executiva-sao-paulo\\\/#respond\"]}]},{\"@type\":\"WebPage\",\"@id\":\"https:\\\/\\\/gstransfer.com.br\\\/blog\\\/experiencias\\\/blog-destaque-como-planejar-agenda-executiva-sao-paulo\\\/\",\"url\":\"https:\\\/\\\/gstransfer.com.br\\\/blog\\\/experiencias\\\/blog-destaque-como-planejar-agenda-executiva-sao-paulo\\\/\",\"name\":\"Agenda Executiva em S\u00e3o Paulo: Como Planejar | GS Transfer &#183; Blog da GS Transfer\",\"isPartOf\":{\"@id\":\"https:\\\/\\\/gstransfer.com.br\\\/blog\\\/#website\"},\"primaryImageOfPage\":{\"@id\":\"https:\\\/\\\/gstransfer.com.br\\\/blog\\\/experiencias\\\/blog-destaque-como-planejar-agenda-executiva-sao-paulo\\\/#primaryimage\"},\"image\":{\"@id\":\"https:\\\/\\\/gstransfer.com.br\\\/blog\\\/experiencias\\\/blog-destaque-como-planejar-agenda-executiva-sao-paulo\\\/#primaryimage\"},\"thumbnailUrl\":\"https:\\\/\\\/gstransfer.com.br\\\/blog\\\/wp-content\\\/uploads\\\/2026\\\/08\\\/ChatGPT-Image-7-de-ago.-de-2026-14_14_38.png\",\"datePublished\":\"2026-08-08T13:00:50+00:00\",\"dateModified\":\"2026-08-19T16:56:48+00:00\",\"description\":\"Planeje uma agenda executiva em S\u00e3o Paulo entre Berrini, Itaim Bibi, Vila Ol\u00edmpia, Jardins e Paulista com mais previsibilidade.\",\"breadcrumb\":{\"@id\":\"https:\\\/\\\/gstransfer.com.br\\\/blog\\\/experiencias\\\/blog-destaque-como-planejar-agenda-executiva-sao-paulo\\\/#breadcrumb\"},\"inLanguage\":\"pt-BR\",\"potentialAction\":[{\"@type\":\"ReadAction\",\"target\":[\"https:\\\/\\\/gstransfer.com.br\\\/blog\\\/experiencias\\\/blog-destaque-como-planejar-agenda-executiva-sao-paulo\\\/\"]}]},{\"@type\":\"ImageObject\",\"inLanguage\":\"pt-BR\",\"@id\":\"https:\\\/\\\/gstransfer.com.br\\\/blog\\\/experiencias\\\/blog-destaque-como-planejar-agenda-executiva-sao-paulo\\\/#primaryimage\",\"url\":\"https:\\\/\\\/gstransfer.com.br\\\/blog\\\/wp-content\\\/uploads\\\/2026\\\/08\\\/ChatGPT-Image-7-de-ago.-de-2026-14_14_38.png\",\"contentUrl\":\"https:\\\/\\\/gstransfer.com.br\\\/blog\\\/wp-content\\\/uploads\\\/2026\\\/08\\\/ChatGPT-Image-7-de-ago.-de-2026-14_14_38.png\",\"width\":1672,\"height\":941,\"caption\":\"Transporte executivo planejado para agendas corporativas nos principais polos empresariais de S\u00e3o Paulo.\"},{\"@type\":\"BreadcrumbList\",\"@id\":\"https:\\\/\\\/gstransfer.com.br\\\/blog\\\/experiencias\\\/blog-destaque-como-planejar-agenda-executiva-sao-paulo\\\/#breadcrumb\",\"itemListElement\":[{\"@type\":\"ListItem\",\"position\":1,\"name\":\"In\u00edcio\",\"item\":\"https:\\\/\\\/gstransfer.com.br\\\/blog\\\/\"},{\"@type\":\"ListItem\",\"position\":2,\"name\":\"Experi\u00eancias\",\"item\":\"https:\\\/\\\/gstransfer.com.br\\\/blog\\\/categorias\\\/experiencias\\\/\"},{\"@type\":\"ListItem\",\"position\":3,\"name\":\"Agenda Executiva em S\u00e3o Paulo: Como Planejar | GS Transfer\"}]},{\"@type\":\"WebSite\",\"@id\":\"https:\\\/\\\/gstransfer.com.br\\\/blog\\\/#website\",\"url\":\"https:\\\/\\\/gstransfer.com.br\\\/blog\\\/\",\"name\":\"Blog da GS Transfer\",\"description\":\"Dicas de Viagem e Transporte Executivo em SP\",\"publisher\":{\"@id\":\"https:\\\/\\\/gstransfer.com.br\\\/blog\\\/#organization\"},\"alternateName\":\"Blog GS Transfer\",\"potentialAction\":[{\"@type\":\"SearchAction\",\"target\":{\"@type\":\"EntryPoint\",\"urlTemplate\":\"https:\\\/\\\/gstransfer.com.br\\\/blog\\\/?s={search_term_string}\"},\"query-input\":{\"@type\":\"PropertyValueSpecification\",\"valueRequired\":true,\"valueName\":\"search_term_string\"}}],\"inLanguage\":\"pt-BR\"},{\"@type\":\"Organization\",\"@id\":\"https:\\\/\\\/gstransfer.com.br\\\/blog\\\/#organization\",\"name\":\"Blog GS Transfer\",\"alternateName\":\"Blog da GS Transfer\",\"url\":\"https:\\\/\\\/gstransfer.com.br\\\/blog\\\/\",\"logo\":{\"@type\":\"ImageObject\",\"inLanguage\":\"pt-BR\",\"@id\":\"https:\\\/\\\/gstransfer.com.br\\\/blog\\\/#\\\/schema\\\/logo\\\/image\\\/\",\"url\":\"https:\\\/\\\/gstransfer.com.br\\\/blog\\\/wp-content\\\/uploads\\\/2026\\\/07\\\/696x696.png\",\"contentUrl\":\"https:\\\/\\\/gstransfer.com.br\\\/blog\\\/wp-content\\\/uploads\\\/2026\\\/07\\\/696x696.png\",\"width\":696,\"height\":696,\"caption\":\"Blog GS Transfer\"},\"image\":{\"@id\":\"https:\\\/\\\/gstransfer.com.br\\\/blog\\\/#\\\/schema\\\/logo\\\/image\\\/\"},\"sameAs\":[\"https:\\\/\\\/pt-br.facebook.com\\\/gstransferSP\\\/\",\"https:\\\/\\\/www.instagram.com\\\/gstransfersp\",\"https:\\\/\\\/www.tripadvisor.com.br\\\/Attraction_Review-g303631-d17466444-Reviews-GS_Transfer_Transporte_Executivo-Sao_Paulo_State_of_Sao_Paulo.html\",\"https:\\\/\\\/br.linkedin.com\\\/company\\\/gs-transfer-e-turismo\"],\"description\":\"A GS Transfer \u00e9 uma empresa de transporte executivo com 10 anos de atua\u00e7\u00e3o em S\u00e3o Paulo e regi\u00e3o, e mais de 42.000 atendimentos realizados. Oferece traslados para aeroportos (Guarulhos, Congonhas e Viracopos), eventos corporativos, feiras, shows e viagens para o litoral e interior, com frota completa \u2014 pr\u00f3pria e rede de parceiros credenciados \u2014 que atende todas as categorias: sedans, ve\u00edculos de luxo, SUVs, blindados, vans, micro-\u00f4nibus e \u00f4nibus executivos. Conta com motoristas profissionais e bil\u00edngues, atendimento 24 horas e monitoramento em tempo real. \u00c9 recomendada no TripAdvisor e registrada no Cadastur.\",\"email\":\"contato@gstransfer.com.br\",\"telephone\":\"+55 (11) 2737-2681\",\"legalName\":\"GS Transfer\",\"foundingDate\":\"2016-07-01\",\"vatID\":\"24.763.257\\\/0001-63\",\"numberOfEmployees\":{\"@type\":\"QuantitativeValue\",\"minValue\":\"1\",\"maxValue\":\"10\"}},{\"@type\":\"Person\",\"@id\":\"https:\\\/\\\/gstransfer.com.br\\\/blog\\\/#\\\/schema\\\/person\\\/cd30e1da5de5f7e9ddc9d80552b26dda\",\"name\":\"GS Transfer\",\"image\":{\"@type\":\"ImageObject\",\"inLanguage\":\"pt-BR\",\"@id\":\"https:\\\/\\\/secure.gravatar.com\\\/avatar\\\/c5da0af1f163431fd615f7efecc5a090b3c62787f27e904ee19625ee23767c79?s=96&d=mm&r=g\",\"url\":\"https:\\\/\\\/secure.gravatar.com\\\/avatar\\\/c5da0af1f163431fd615f7efecc5a090b3c62787f27e904ee19625ee23767c79?s=96&d=mm&r=g\",\"contentUrl\":\"https:\\\/\\\/secure.gravatar.com\\\/avatar\\\/c5da0af1f163431fd615f7efecc5a090b3c62787f27e904ee19625ee23767c79?s=96&d=mm&r=g\",\"caption\":\"GS Transfer\"}}]}<\/script>\n<!-- \/ Yoast SEO Premium plugin. -->","yoast_head_json":{"title":"Agenda Executiva em S\u00e3o Paulo: Como Planejar | GS Transfer &#183; Blog da GS Transfer","description":"Planeje uma agenda executiva em S\u00e3o Paulo entre Berrini, Itaim Bibi, Vila Ol\u00edmpia, Jardins e Paulista com mais previsibilidade.","robots":{"index":"index","follow":"follow","max-snippet":"max-snippet:-1","max-image-preview":"max-image-preview:large","max-video-preview":"max-video-preview:-1"},"canonical":"https:\/\/gstransfer.com.br\/blog\/experiencias\/blog-destaque-como-planejar-agenda-executiva-sao-paulo\/","og_locale":"pt_BR","og_type":"article","og_title":"Agenda Executiva em S\u00e3o Paulo: Como Planejar | GS Transfer","og_description":"Como planejar uma agenda executiva em S\u00e3o Paulo entre Berrini, Itaim Bibi, Vila Ol\u00edmpia, Jardins e Avenida Paulista Planejar uma agenda executiva em S\u00e3o","og_url":"https:\/\/gstransfer.com.br\/blog\/experiencias\/blog-destaque-como-planejar-agenda-executiva-sao-paulo\/","og_site_name":"Blog da GS Transfer","article_publisher":"https:\/\/pt-br.facebook.com\/gstransferSP\/","article_published_time":"2026-08-08T13:00:50+00:00","article_modified_time":"2026-08-19T16:56:48+00:00","og_image":[{"width":1024,"height":576,"url":"https:\/\/gstransfer.com.br\/blog\/wp-content\/uploads\/2026\/08\/ChatGPT-Image-7-de-ago.-de-2026-14_14_38-1024x576.png","type":"image\/png"}],"author":"GS Transfer","twitter_card":"summary_large_image","twitter_misc":{"Escrito por":"GS Transfer","Est. tempo de leitura":"19 minutos"},"schema":{"@context":"https:\/\/schema.org","@graph":[{"@type":["Article","BlogPosting"],"@id":"https:\/\/gstransfer.com.br\/blog\/experiencias\/blog-destaque-como-planejar-agenda-executiva-sao-paulo\/#article","isPartOf":{"@id":"https:\/\/gstransfer.com.br\/blog\/experiencias\/blog-destaque-como-planejar-agenda-executiva-sao-paulo\/"},"author":{"name":"GS Transfer","@id":"https:\/\/gstransfer.com.br\/blog\/#\/schema\/person\/cd30e1da5de5f7e9ddc9d80552b26dda"},"headline":"Agenda Executiva em S\u00e3o Paulo: Como Planejar | GS Transfer","datePublished":"2026-08-08T13:00:50+00:00","dateModified":"2026-08-19T16:56:48+00:00","mainEntityOfPage":{"@id":"https:\/\/gstransfer.com.br\/blog\/experiencias\/blog-destaque-como-planejar-agenda-executiva-sao-paulo\/"},"wordCount":3864,"commentCount":0,"publisher":{"@id":"https:\/\/gstransfer.com.br\/blog\/#organization"},"image":{"@id":"https:\/\/gstransfer.com.br\/blog\/experiencias\/blog-destaque-como-planejar-agenda-executiva-sao-paulo\/#primaryimage"},"thumbnailUrl":"https:\/\/gstransfer.com.br\/blog\/wp-content\/uploads\/2026\/08\/ChatGPT-Image-7-de-ago.-de-2026-14_14_38.png","keywords":["Agenda executiva em S\u00e3o Paulo","Avenida Paulista","Berrini","Itaim Bibi","Jardins","Mobilidade Corporativa","Motorista Executivo","transporte executivo corporativo","viagens corporativas","Vila Ol\u00edmpia"],"articleSection":["Experi\u00eancias"],"inLanguage":"pt-BR","potentialAction":[{"@type":"CommentAction","name":"Comment","target":["https:\/\/gstransfer.com.br\/blog\/experiencias\/blog-destaque-como-planejar-agenda-executiva-sao-paulo\/#respond"]}]},{"@type":"WebPage","@id":"https:\/\/gstransfer.com.br\/blog\/experiencias\/blog-destaque-como-planejar-agenda-executiva-sao-paulo\/","url":"https:\/\/gstransfer.com.br\/blog\/experiencias\/blog-destaque-como-planejar-agenda-executiva-sao-paulo\/","name":"Agenda Executiva em S\u00e3o Paulo: Como Planejar | GS Transfer &#183; Blog da GS Transfer","isPartOf":{"@id":"https:\/\/gstransfer.com.br\/blog\/#website"},"primaryImageOfPage":{"@id":"https:\/\/gstransfer.com.br\/blog\/experiencias\/blog-destaque-como-planejar-agenda-executiva-sao-paulo\/#primaryimage"},"image":{"@id":"https:\/\/gstransfer.com.br\/blog\/experiencias\/blog-destaque-como-planejar-agenda-executiva-sao-paulo\/#primaryimage"},"thumbnailUrl":"https:\/\/gstransfer.com.br\/blog\/wp-content\/uploads\/2026\/08\/ChatGPT-Image-7-de-ago.-de-2026-14_14_38.png","datePublished":"2026-08-08T13:00:50+00:00","dateModified":"2026-08-19T16:56:48+00:00","description":"Planeje uma agenda executiva em S\u00e3o Paulo entre Berrini, Itaim Bibi, Vila Ol\u00edmpia, Jardins e Paulista com mais previsibilidade.","breadcrumb":{"@id":"https:\/\/gstransfer.com.br\/blog\/experiencias\/blog-destaque-como-planejar-agenda-executiva-sao-paulo\/#breadcrumb"},"inLanguage":"pt-BR","potentialAction":[{"@type":"ReadAction","target":["https:\/\/gstransfer.com.br\/blog\/experiencias\/blog-destaque-como-planejar-agenda-executiva-sao-paulo\/"]}]},{"@type":"ImageObject","inLanguage":"pt-BR","@id":"https:\/\/gstransfer.com.br\/blog\/experiencias\/blog-destaque-como-planejar-agenda-executiva-sao-paulo\/#primaryimage","url":"https:\/\/gstransfer.com.br\/blog\/wp-content\/uploads\/2026\/08\/ChatGPT-Image-7-de-ago.-de-2026-14_14_38.png","contentUrl":"https:\/\/gstransfer.com.br\/blog\/wp-content\/uploads\/2026\/08\/ChatGPT-Image-7-de-ago.-de-2026-14_14_38.png","width":1672,"height":941,"caption":"Transporte executivo planejado para agendas corporativas nos principais polos empresariais de S\u00e3o Paulo."},{"@type":"BreadcrumbList","@id":"https:\/\/gstransfer.com.br\/blog\/experiencias\/blog-destaque-como-planejar-agenda-executiva-sao-paulo\/#breadcrumb","itemListElement":[{"@type":"ListItem","position":1,"name":"In\u00edcio","item":"https:\/\/gstransfer.com.br\/blog\/"},{"@type":"ListItem","position":2,"name":"Experi\u00eancias","item":"https:\/\/gstransfer.com.br\/blog\/categorias\/experiencias\/"},{"@type":"ListItem","position":3,"name":"Agenda Executiva em S\u00e3o Paulo: Como Planejar | GS Transfer"}]},{"@type":"WebSite","@id":"https:\/\/gstransfer.com.br\/blog\/#website","url":"https:\/\/gstransfer.com.br\/blog\/","name":"Blog da GS Transfer","description":"Dicas de Viagem e Transporte Executivo em SP","publisher":{"@id":"https:\/\/gstransfer.com.br\/blog\/#organization"},"alternateName":"Blog GS Transfer","potentialAction":[{"@type":"SearchAction","target":{"@type":"EntryPoint","urlTemplate":"https:\/\/gstransfer.com.br\/blog\/?s={search_term_string}"},"query-input":{"@type":"PropertyValueSpecification","valueRequired":true,"valueName":"search_term_string"}}],"inLanguage":"pt-BR"},{"@type":"Organization","@id":"https:\/\/gstransfer.com.br\/blog\/#organization","name":"Blog GS Transfer","alternateName":"Blog da GS Transfer","url":"https:\/\/gstransfer.com.br\/blog\/","logo":{"@type":"ImageObject","inLanguage":"pt-BR","@id":"https:\/\/gstransfer.com.br\/blog\/#\/schema\/logo\/image\/","url":"https:\/\/gstransfer.com.br\/blog\/wp-content\/uploads\/2026\/07\/696x696.png","contentUrl":"https:\/\/gstransfer.com.br\/blog\/wp-content\/uploads\/2026\/07\/696x696.png","width":696,"height":696,"caption":"Blog GS Transfer"},"image":{"@id":"https:\/\/gstransfer.com.br\/blog\/#\/schema\/logo\/image\/"},"sameAs":["https:\/\/pt-br.facebook.com\/gstransferSP\/","https:\/\/www.instagram.com\/gstransfersp","https:\/\/www.tripadvisor.com.br\/Attraction_Review-g303631-d17466444-Reviews-GS_Transfer_Transporte_Executivo-Sao_Paulo_State_of_Sao_Paulo.html","https:\/\/br.linkedin.com\/company\/gs-transfer-e-turismo"],"description":"A GS Transfer \u00e9 uma empresa de transporte executivo com 10 anos de atua\u00e7\u00e3o em S\u00e3o Paulo e regi\u00e3o, e mais de 42.000 atendimentos realizados. Oferece traslados para aeroportos (Guarulhos, Congonhas e Viracopos), eventos corporativos, feiras, shows e viagens para o litoral e interior, com frota completa \u2014 pr\u00f3pria e rede de parceiros credenciados \u2014 que atende todas as categorias: sedans, ve\u00edculos de luxo, SUVs, blindados, vans, micro-\u00f4nibus e \u00f4nibus executivos. Conta com motoristas profissionais e bil\u00edngues, atendimento 24 horas e monitoramento em tempo real. \u00c9 recomendada no TripAdvisor e registrada no Cadastur.","email":"contato@gstransfer.com.br","telephone":"+55 (11) 2737-2681","legalName":"GS Transfer","foundingDate":"2016-07-01","vatID":"24.763.257\/0001-63","numberOfEmployees":{"@type":"QuantitativeValue","minValue":"1","maxValue":"10"}},{"@type":"Person","@id":"https:\/\/gstransfer.com.br\/blog\/#\/schema\/person\/cd30e1da5de5f7e9ddc9d80552b26dda","name":"GS Transfer","image":{"@type":"ImageObject","inLanguage":"pt-BR","@id":"https:\/\/secure.gravatar.com\/avatar\/c5da0af1f163431fd615f7efecc5a090b3c62787f27e904ee19625ee23767c79?s=96&d=mm&r=g","url":"https:\/\/secure.gravatar.com\/avatar\/c5da0af1f163431fd615f7efecc5a090b3c62787f27e904ee19625ee23767c79?s=96&d=mm&r=g","contentUrl":"https:\/\/secure.gravatar.com\/avatar\/c5da0af1f163431fd615f7efecc5a090b3c62787f27e904ee19625ee23767c79?s=96&d=mm&r=g","caption":"GS Transfer"}}]}},"_links":{"self":[{"href":"https:\/\/gstransfer.com.br\/blog\/wp-json\/wp\/v2\/posts\/3037","targetHints":{"allow":["GET"]}}],"collection":[{"href":"https:\/\/gstransfer.com.br\/blog\/wp-json\/wp\/v2\/posts"}],"about":[{"href":"https:\/\/gstransfer.com.br\/blog\/wp-json\/wp\/v2\/types\/post"}],"author":[{"embeddable":true,"href":"https:\/\/gstransfer.com.br\/blog\/wp-json\/wp\/v2\/users\/1"}],"replies":[{"embeddable":true,"href":"https:\/\/gstransfer.com.br\/blog\/wp-json\/wp\/v2\/comments?post=3037"}],"version-history":[{"count":1,"href":"https:\/\/gstransfer.com.br\/blog\/wp-json\/wp\/v2\/posts\/3037\/revisions"}],"predecessor-version":[{"id":3039,"href":"https:\/\/gstransfer.com.br\/blog\/wp-json\/wp\/v2\/posts\/3037\/revisions\/3039"}],"wp:featuredmedia":[{"embeddable":true,"href":"https:\/\/gstransfer.com.br\/blog\/wp-json\/wp\/v2\/media\/3038"}],"wp:attachment":[{"href":"https:\/\/gstransfer.com.br\/blog\/wp-json\/wp\/v2\/media?parent=3037"}],"wp:term":[{"taxonomy":"category","embeddable":true,"href":"https:\/\/gstransfer.com.br\/blog\/wp-json\/wp\/v2\/categories?post=3037"},{"taxonomy":"post_tag","embeddable":true,"href":"https:\/\/gstransfer.com.br\/blog\/wp-json\/wp\/v2\/tags?post=3037"}],"curies":[{"name":"wp","href":"https:\/\/api.w.org\/{rel}","templated":true}]}}